{"id":1300,"date":"2019-10-25T13:42:28","date_gmt":"2019-10-25T13:42:28","guid":{"rendered":"http:\/\/kabinet505.ftn.uns.ac.rs\/?p=1300"},"modified":"2024-08-28T08:47:52","modified_gmt":"2024-08-28T08:47:52","slug":"izlozba-studentskih-radova-iz-oblasti-enterijera-1515","status":"publish","type":"post","link":"http:\/\/kabinet505.ftn.uns.ac.rs\/?p=1300","title":{"rendered":"Izlo\u017eba studentskih radova iz oblasti enterijera \u201e15+15\u201c"},"content":{"rendered":"\t\t<div data-elementor-type=\"wp-post\" data-elementor-id=\"1300\" class=\"elementor elementor-1300\">\n\t\t\t\t\t\t\t\t\t<section class=\"elementor-section elementor-top-section elementor-element elementor-element-7842e523 elementor-section-boxed elementor-section-height-default elementor-section-height-default\" data-id=\"7842e523\" data-element_type=\"section\">\n\t\t\t\t\t\t<div class=\"elementor-container elementor-column-gap-default\">\n\t\t\t\t\t<div class=\"elementor-column elementor-col-100 elementor-top-column elementor-element elementor-element-3392bd5e\" data-id=\"3392bd5e\" data-element_type=\"column\">\n\t\t\t<div class=\"elementor-widget-wrap elementor-element-populated\">\n\t\t\t\t\t\t\t\t<div class=\"elementor-element elementor-element-3d85dc13 elementor-widget elementor-widget-text-editor\" data-id=\"3d85dc13\" data-element_type=\"widget\" data-widget_type=\"text-editor.default\">\n\t\t\t\t<div class=\"elementor-widget-container\">\n\t\t\t\t\t\t\t<a href=\"http:\/\/kabinet505.ftn.uns.ac.rs\/wp-content\/uploads\/2020\/02\/73139398_2598675096859629_3135363973331812352_n.png\"><img loading=\"lazy\" decoding=\"async\" class=\"aligncenter wp-image-1301 size-full\" src=\"http:\/\/kabinet505.ftn.uns.ac.rs\/wp-content\/uploads\/2020\/02\/73139398_2598675096859629_3135363973331812352_n.png\" alt=\"\" width=\"500\" height=\"498\" srcset=\"http:\/\/kabinet505.ftn.uns.ac.rs\/wp-content\/uploads\/2020\/02\/73139398_2598675096859629_3135363973331812352_n.png 500w, http:\/\/kabinet505.ftn.uns.ac.rs\/wp-content\/uploads\/2020\/02\/73139398_2598675096859629_3135363973331812352_n-150x150.png 150w, http:\/\/kabinet505.ftn.uns.ac.rs\/wp-content\/uploads\/2020\/02\/73139398_2598675096859629_3135363973331812352_n-300x300.png 300w, http:\/\/kabinet505.ftn.uns.ac.rs\/wp-content\/uploads\/2020\/02\/73139398_2598675096859629_3135363973331812352_n-420x418.png 420w\" sizes=\"auto, (max-width: 500px) 100vw, 500px\" \/><\/a>\n<p style=\"text-align: center;\">Pregled studentskih radova sa Departmana za arhitekturu i urbanizam\nFakultet tehni\u010dkih nauka Univerziteta u Novom Sadu<\/p>\n<p style=\"text-align: center;\">Organizacioni odbor ispred Departmana za arhitekturu i urbanizam<\/p>\n<p style=\"text-align: center;\">dr Marko Todorov, vanredni profesor\ndr Ivan Mi\u0161keljin, vanredni profesor<\/p>\n<p style=\"text-align: center;\">***<\/p>\n<p style=\"text-align: center;\">Naslov rada: Sala\u0161 137\nAutor: Albert Topi\u0107\nPredmet: Projektovanje enterijera 2 , VIII semestar, Osnovne akademske studije\nDepartamana za arhitekturu i urbanizam, 2018.<\/p>\n<p style=\"text-align: center;\"><a href=\"http:\/\/kabinet505.ftn.uns.ac.rs\/wp-content\/uploads\/2019\/10\/1-albert.jpg\"><img loading=\"lazy\" decoding=\"async\" class=\"aligncenter size-full wp-image-1722\" src=\"http:\/\/kabinet505.ftn.uns.ac.rs\/wp-content\/uploads\/2019\/10\/1-albert.jpg\" alt=\"\" width=\"1024\" height=\"1448\" srcset=\"http:\/\/kabinet505.ftn.uns.ac.rs\/wp-content\/uploads\/2019\/10\/1-albert.jpg 1024w, http:\/\/kabinet505.ftn.uns.ac.rs\/wp-content\/uploads\/2019\/10\/1-albert-212x300.jpg 212w, http:\/\/kabinet505.ftn.uns.ac.rs\/wp-content\/uploads\/2019\/10\/1-albert-768x1086.jpg 768w, http:\/\/kabinet505.ftn.uns.ac.rs\/wp-content\/uploads\/2019\/10\/1-albert-724x1024.jpg 724w, http:\/\/kabinet505.ftn.uns.ac.rs\/wp-content\/uploads\/2019\/10\/1-albert-106x150.jpg 106w, http:\/\/kabinet505.ftn.uns.ac.rs\/wp-content\/uploads\/2019\/10\/1-albert-375x530.jpg 375w\" sizes=\"auto, (max-width: 1024px) 100vw, 1024px\" \/><\/a>\n***<\/p>\n<p style=\"text-align: center;\">Naslov rada: POP-UP prodavnica\nAutori: Marina Damjanovi\u0107 \/ Tijana Gnidi\u0107 \/ Stefan Vuji\u0107\nDepartamana za arhitekturu i urbanizam, 2019.\nPredmet: Savremeni enterijer i dizajn , IX semestar, Master akademske studije<\/p>\n<p style=\"text-align: center;\"><a href=\"http:\/\/kabinet505.ftn.uns.ac.rs\/wp-content\/uploads\/2019\/10\/2-popup_plakat-B1.jpg\"><img loading=\"lazy\" decoding=\"async\" class=\"aligncenter size-full wp-image-1723\" src=\"http:\/\/kabinet505.ftn.uns.ac.rs\/wp-content\/uploads\/2019\/10\/2-popup_plakat-B1.jpg\" alt=\"\" width=\"1024\" height=\"1448\" srcset=\"http:\/\/kabinet505.ftn.uns.ac.rs\/wp-content\/uploads\/2019\/10\/2-popup_plakat-B1.jpg 1024w, http:\/\/kabinet505.ftn.uns.ac.rs\/wp-content\/uploads\/2019\/10\/2-popup_plakat-B1-212x300.jpg 212w, http:\/\/kabinet505.ftn.uns.ac.rs\/wp-content\/uploads\/2019\/10\/2-popup_plakat-B1-768x1086.jpg 768w, http:\/\/kabinet505.ftn.uns.ac.rs\/wp-content\/uploads\/2019\/10\/2-popup_plakat-B1-724x1024.jpg 724w, http:\/\/kabinet505.ftn.uns.ac.rs\/wp-content\/uploads\/2019\/10\/2-popup_plakat-B1-106x150.jpg 106w, http:\/\/kabinet505.ftn.uns.ac.rs\/wp-content\/uploads\/2019\/10\/2-popup_plakat-B1-375x530.jpg 375w\" sizes=\"auto, (max-width: 1024px) 100vw, 1024px\" \/><\/a>\n***<\/p>\n<p style=\"text-align: center;\">Naslov rada: Prodavnica \u010dokolade\nAutor: Kristijan Kne\u017eevi\u0107\nDepartamana za arhitekturu i urbanizam, 2019.\nPredmet: Projektovanje enterijera 2 , VIII semestar, Osnovne akademske studije<\/p>\n<p style=\"text-align: center;\"><a href=\"http:\/\/kabinet505.ftn.uns.ac.rs\/wp-content\/uploads\/2019\/10\/3-Kristijan-Knezevic-Prodavnica-cokolade.jpg\"><img loading=\"lazy\" decoding=\"async\" class=\"aligncenter size-full wp-image-1724\" src=\"http:\/\/kabinet505.ftn.uns.ac.rs\/wp-content\/uploads\/2019\/10\/3-Kristijan-Knezevic-Prodavnica-cokolade.jpg\" alt=\"\" width=\"1024\" height=\"1463\" srcset=\"http:\/\/kabinet505.ftn.uns.ac.rs\/wp-content\/uploads\/2019\/10\/3-Kristijan-Knezevic-Prodavnica-cokolade.jpg 1024w, http:\/\/kabinet505.ftn.uns.ac.rs\/wp-content\/uploads\/2019\/10\/3-Kristijan-Knezevic-Prodavnica-cokolade-210x300.jpg 210w, http:\/\/kabinet505.ftn.uns.ac.rs\/wp-content\/uploads\/2019\/10\/3-Kristijan-Knezevic-Prodavnica-cokolade-768x1097.jpg 768w, http:\/\/kabinet505.ftn.uns.ac.rs\/wp-content\/uploads\/2019\/10\/3-Kristijan-Knezevic-Prodavnica-cokolade-717x1024.jpg 717w, http:\/\/kabinet505.ftn.uns.ac.rs\/wp-content\/uploads\/2019\/10\/3-Kristijan-Knezevic-Prodavnica-cokolade-105x150.jpg 105w, http:\/\/kabinet505.ftn.uns.ac.rs\/wp-content\/uploads\/2019\/10\/3-Kristijan-Knezevic-Prodavnica-cokolade-371x530.jpg 371w\" sizes=\"auto, (max-width: 1024px) 100vw, 1024px\" \/><\/a>\n***<\/p>\n<p style=\"text-align: center;\">Naslov rada: CO-WORKING SPACE\nAutor: Fatljind \u010colaku\nDepartamana za arhitekturu i urbanizam, 2019.\nPredmet: Projektovanje enterijera 2 , VIII semestar, Osnovne akademske studije<\/p>\n<a href=\"http:\/\/kabinet505.ftn.uns.ac.rs\/wp-content\/uploads\/2019\/10\/4-fatljind-2.jpg\"><img loading=\"lazy\" decoding=\"async\" class=\"aligncenter size-full wp-image-1725\" src=\"http:\/\/kabinet505.ftn.uns.ac.rs\/wp-content\/uploads\/2019\/10\/4-fatljind-2.jpg\" alt=\"\" width=\"1024\" height=\"1463\" srcset=\"http:\/\/kabinet505.ftn.uns.ac.rs\/wp-content\/uploads\/2019\/10\/4-fatljind-2.jpg 1024w, http:\/\/kabinet505.ftn.uns.ac.rs\/wp-content\/uploads\/2019\/10\/4-fatljind-2-210x300.jpg 210w, http:\/\/kabinet505.ftn.uns.ac.rs\/wp-content\/uploads\/2019\/10\/4-fatljind-2-768x1097.jpg 768w, http:\/\/kabinet505.ftn.uns.ac.rs\/wp-content\/uploads\/2019\/10\/4-fatljind-2-717x1024.jpg 717w, http:\/\/kabinet505.ftn.uns.ac.rs\/wp-content\/uploads\/2019\/10\/4-fatljind-2-105x150.jpg 105w, http:\/\/kabinet505.ftn.uns.ac.rs\/wp-content\/uploads\/2019\/10\/4-fatljind-2-371x530.jpg 371w\" sizes=\"auto, (max-width: 1024px) 100vw, 1024px\" \/><\/a>\n<p style=\"text-align: center;\">\u00a0***<\/p>\n<p style=\"text-align: center;\">Naslov rada: Projekat enterijerske stolice\nAutor:\u00a0Aleksandra\u00a0 Joksimovi\u0107\nDepartamana za arhitekturu i urbanizam, 2019.\nPredmet: Mobilijar, VIII semestar, X semester, Master akademske studije<\/p>\n<a href=\"http:\/\/kabinet505.ftn.uns.ac.rs\/wp-content\/uploads\/2019\/10\/5-MOBILIJAR-Aleksandra-Joksimovic.jpg\"><img loading=\"lazy\" decoding=\"async\" class=\"aligncenter size-full wp-image-1726\" src=\"http:\/\/kabinet505.ftn.uns.ac.rs\/wp-content\/uploads\/2019\/10\/5-MOBILIJAR-Aleksandra-Joksimovic.jpg\" alt=\"\" width=\"1024\" height=\"1463\" srcset=\"http:\/\/kabinet505.ftn.uns.ac.rs\/wp-content\/uploads\/2019\/10\/5-MOBILIJAR-Aleksandra-Joksimovic.jpg 1024w, http:\/\/kabinet505.ftn.uns.ac.rs\/wp-content\/uploads\/2019\/10\/5-MOBILIJAR-Aleksandra-Joksimovic-210x300.jpg 210w, http:\/\/kabinet505.ftn.uns.ac.rs\/wp-content\/uploads\/2019\/10\/5-MOBILIJAR-Aleksandra-Joksimovic-768x1097.jpg 768w, http:\/\/kabinet505.ftn.uns.ac.rs\/wp-content\/uploads\/2019\/10\/5-MOBILIJAR-Aleksandra-Joksimovic-717x1024.jpg 717w, http:\/\/kabinet505.ftn.uns.ac.rs\/wp-content\/uploads\/2019\/10\/5-MOBILIJAR-Aleksandra-Joksimovic-105x150.jpg 105w, http:\/\/kabinet505.ftn.uns.ac.rs\/wp-content\/uploads\/2019\/10\/5-MOBILIJAR-Aleksandra-Joksimovic-371x530.jpg 371w\" sizes=\"auto, (max-width: 1024px) 100vw, 1024px\" \/><\/a>\n<p style=\"text-align: center;\">***<\/p>\n<p style=\"text-align: center;\">Naslov rada: Concept store\nAutor: Nikola Horvat\nDepartamana za arhitekturu i urbanizam, 2019.\nPredmet: Savremeni enterijer i dizajn , IX semestar, Master akademske studije<\/p>\n<a href=\"http:\/\/kabinet505.ftn.uns.ac.rs\/wp-content\/uploads\/2019\/10\/6-SEID-HORVAT.jpg\"><img loading=\"lazy\" decoding=\"async\" class=\"aligncenter size-full wp-image-1727\" src=\"http:\/\/kabinet505.ftn.uns.ac.rs\/wp-content\/uploads\/2019\/10\/6-SEID-HORVAT.jpg\" alt=\"\" width=\"1024\" height=\"1463\" srcset=\"http:\/\/kabinet505.ftn.uns.ac.rs\/wp-content\/uploads\/2019\/10\/6-SEID-HORVAT.jpg 1024w, http:\/\/kabinet505.ftn.uns.ac.rs\/wp-content\/uploads\/2019\/10\/6-SEID-HORVAT-210x300.jpg 210w, http:\/\/kabinet505.ftn.uns.ac.rs\/wp-content\/uploads\/2019\/10\/6-SEID-HORVAT-768x1097.jpg 768w, http:\/\/kabinet505.ftn.uns.ac.rs\/wp-content\/uploads\/2019\/10\/6-SEID-HORVAT-717x1024.jpg 717w, http:\/\/kabinet505.ftn.uns.ac.rs\/wp-content\/uploads\/2019\/10\/6-SEID-HORVAT-105x150.jpg 105w, http:\/\/kabinet505.ftn.uns.ac.rs\/wp-content\/uploads\/2019\/10\/6-SEID-HORVAT-371x530.jpg 371w\" sizes=\"auto, (max-width: 1024px) 100vw, 1024px\" \/><\/a>\n<p style=\"text-align: center;\">***<\/p>\n<p style=\"text-align: center;\">Naslov rada: Concept store\nAutor: Aleksandra\u00a0 Joksimovi\u0107\nDepartamana za arhitekturu i urbanizam, 2019.\nPredmet: Savremeni enterijer i dizajn , IX semestar, Master akademske studije<\/p>\n<a href=\"http:\/\/kabinet505.ftn.uns.ac.rs\/wp-content\/uploads\/2019\/10\/7-SEID-Aleksandra-Joksimovi\u0107.jpg\"><img loading=\"lazy\" decoding=\"async\" class=\"aligncenter size-full wp-image-1728\" src=\"http:\/\/kabinet505.ftn.uns.ac.rs\/wp-content\/uploads\/2019\/10\/7-SEID-Aleksandra-Joksimovi\u0107.jpg\" alt=\"\" width=\"1024\" height=\"1463\" srcset=\"http:\/\/kabinet505.ftn.uns.ac.rs\/wp-content\/uploads\/2019\/10\/7-SEID-Aleksandra-Joksimovi\u0107.jpg 1024w, http:\/\/kabinet505.ftn.uns.ac.rs\/wp-content\/uploads\/2019\/10\/7-SEID-Aleksandra-Joksimovi\u0107-210x300.jpg 210w, http:\/\/kabinet505.ftn.uns.ac.rs\/wp-content\/uploads\/2019\/10\/7-SEID-Aleksandra-Joksimovi\u0107-768x1097.jpg 768w, http:\/\/kabinet505.ftn.uns.ac.rs\/wp-content\/uploads\/2019\/10\/7-SEID-Aleksandra-Joksimovi\u0107-717x1024.jpg 717w, http:\/\/kabinet505.ftn.uns.ac.rs\/wp-content\/uploads\/2019\/10\/7-SEID-Aleksandra-Joksimovi\u0107-105x150.jpg 105w, http:\/\/kabinet505.ftn.uns.ac.rs\/wp-content\/uploads\/2019\/10\/7-SEID-Aleksandra-Joksimovi\u0107-371x530.jpg 371w\" sizes=\"auto, (max-width: 1024px) 100vw, 1024px\" \/><\/a>\n<p style=\"text-align: center;\">***<\/p>\n<p style=\"text-align: center;\">Naslov rada: Stambena jedinica\nAutor: Stefan Vuji\u0107\nDepartamana za arhitekturu i urbanizam, 2019.\nPredmet: Arhitektonska kompozicija u enterijeru , IX semestar, Master akademske studije<\/p>\n<a href=\"http:\/\/kabinet505.ftn.uns.ac.rs\/wp-content\/uploads\/2019\/10\/8-akue_stefan-vujic_plakat-B1.jpg\"><img loading=\"lazy\" decoding=\"async\" class=\"aligncenter size-full wp-image-1729\" src=\"http:\/\/kabinet505.ftn.uns.ac.rs\/wp-content\/uploads\/2019\/10\/8-akue_stefan-vujic_plakat-B1.jpg\" alt=\"\" width=\"1024\" height=\"1448\" srcset=\"http:\/\/kabinet505.ftn.uns.ac.rs\/wp-content\/uploads\/2019\/10\/8-akue_stefan-vujic_plakat-B1.jpg 1024w, http:\/\/kabinet505.ftn.uns.ac.rs\/wp-content\/uploads\/2019\/10\/8-akue_stefan-vujic_plakat-B1-212x300.jpg 212w, http:\/\/kabinet505.ftn.uns.ac.rs\/wp-content\/uploads\/2019\/10\/8-akue_stefan-vujic_plakat-B1-768x1086.jpg 768w, http:\/\/kabinet505.ftn.uns.ac.rs\/wp-content\/uploads\/2019\/10\/8-akue_stefan-vujic_plakat-B1-724x1024.jpg 724w, http:\/\/kabinet505.ftn.uns.ac.rs\/wp-content\/uploads\/2019\/10\/8-akue_stefan-vujic_plakat-B1-106x150.jpg 106w, http:\/\/kabinet505.ftn.uns.ac.rs\/wp-content\/uploads\/2019\/10\/8-akue_stefan-vujic_plakat-B1-375x530.jpg 375w\" sizes=\"auto, (max-width: 1024px) 100vw, 1024px\" \/><\/a>\n<p style=\"text-align: center;\">***<\/p>\n<p style=\"text-align: center;\">Naslov rada: Prodavnica \u010dokolade\nAutor: Fatljind \u010colaku\nDepartamana za arhitekturu i urbanizam, 2019.\nPredmet: Projektovanje enterijera 2 , VIII semestar, Osnovne akademske studije<\/p>\n<a href=\"http:\/\/kabinet505.ftn.uns.ac.rs\/wp-content\/uploads\/2019\/10\/9-fatljind-1.jpg\"><img loading=\"lazy\" decoding=\"async\" class=\"aligncenter size-full wp-image-1730\" src=\"http:\/\/kabinet505.ftn.uns.ac.rs\/wp-content\/uploads\/2019\/10\/9-fatljind-1.jpg\" alt=\"\" width=\"1024\" height=\"1463\" srcset=\"http:\/\/kabinet505.ftn.uns.ac.rs\/wp-content\/uploads\/2019\/10\/9-fatljind-1.jpg 1024w, http:\/\/kabinet505.ftn.uns.ac.rs\/wp-content\/uploads\/2019\/10\/9-fatljind-1-210x300.jpg 210w, http:\/\/kabinet505.ftn.uns.ac.rs\/wp-content\/uploads\/2019\/10\/9-fatljind-1-768x1097.jpg 768w, http:\/\/kabinet505.ftn.uns.ac.rs\/wp-content\/uploads\/2019\/10\/9-fatljind-1-717x1024.jpg 717w, http:\/\/kabinet505.ftn.uns.ac.rs\/wp-content\/uploads\/2019\/10\/9-fatljind-1-105x150.jpg 105w, http:\/\/kabinet505.ftn.uns.ac.rs\/wp-content\/uploads\/2019\/10\/9-fatljind-1-371x530.jpg 371w\" sizes=\"auto, (max-width: 1024px) 100vw, 1024px\" \/><\/a>\n<p style=\"text-align: center;\">***<\/p>\n<p style=\"text-align: center;\">Naslov rada: Stambena jedinica\nAutor: Dunja Dedi\u0107\nDepartamana za arhitekturu i urbanizam, 2019.\nPredmet: Arhitektonska kompozicija u enterijeru , IX semestar, Master akademske studije<\/p>\n<a href=\"http:\/\/kabinet505.ftn.uns.ac.rs\/wp-content\/uploads\/2019\/10\/10.jpg\"><img loading=\"lazy\" decoding=\"async\" class=\"aligncenter size-full wp-image-1731\" src=\"http:\/\/kabinet505.ftn.uns.ac.rs\/wp-content\/uploads\/2019\/10\/10.jpg\" alt=\"\" width=\"1024\" height=\"1463\" srcset=\"http:\/\/kabinet505.ftn.uns.ac.rs\/wp-content\/uploads\/2019\/10\/10.jpg 1024w, http:\/\/kabinet505.ftn.uns.ac.rs\/wp-content\/uploads\/2019\/10\/10-210x300.jpg 210w, http:\/\/kabinet505.ftn.uns.ac.rs\/wp-content\/uploads\/2019\/10\/10-768x1097.jpg 768w, http:\/\/kabinet505.ftn.uns.ac.rs\/wp-content\/uploads\/2019\/10\/10-717x1024.jpg 717w, http:\/\/kabinet505.ftn.uns.ac.rs\/wp-content\/uploads\/2019\/10\/10-105x150.jpg 105w, http:\/\/kabinet505.ftn.uns.ac.rs\/wp-content\/uploads\/2019\/10\/10-371x530.jpg 371w\" sizes=\"auto, (max-width: 1024px) 100vw, 1024px\" \/><\/a>\n<p style=\"text-align: center;\">***<\/p>\n<p style=\"text-align: center;\">Naslov rada: Stambena jedinica\nAutor: Marko Mihajlovi\u0107\nDepartamana za arhitekturu i urbanizam, 2019.\nPredmet: Projektovanje enterijera , IX semestar, Master akademske studije<\/p>\n<a href=\"http:\/\/kabinet505.ftn.uns.ac.rs\/wp-content\/uploads\/2019\/10\/11-enterijer-Marko-Matkovic.jpg\"><img loading=\"lazy\" decoding=\"async\" class=\"aligncenter size-full wp-image-1732\" src=\"http:\/\/kabinet505.ftn.uns.ac.rs\/wp-content\/uploads\/2019\/10\/11-enterijer-Marko-Matkovic.jpg\" alt=\"\" width=\"1024\" height=\"1463\" srcset=\"http:\/\/kabinet505.ftn.uns.ac.rs\/wp-content\/uploads\/2019\/10\/11-enterijer-Marko-Matkovic.jpg 1024w, http:\/\/kabinet505.ftn.uns.ac.rs\/wp-content\/uploads\/2019\/10\/11-enterijer-Marko-Matkovic-210x300.jpg 210w, http:\/\/kabinet505.ftn.uns.ac.rs\/wp-content\/uploads\/2019\/10\/11-enterijer-Marko-Matkovic-768x1097.jpg 768w, http:\/\/kabinet505.ftn.uns.ac.rs\/wp-content\/uploads\/2019\/10\/11-enterijer-Marko-Matkovic-717x1024.jpg 717w, http:\/\/kabinet505.ftn.uns.ac.rs\/wp-content\/uploads\/2019\/10\/11-enterijer-Marko-Matkovic-105x150.jpg 105w, http:\/\/kabinet505.ftn.uns.ac.rs\/wp-content\/uploads\/2019\/10\/11-enterijer-Marko-Matkovic-371x530.jpg 371w\" sizes=\"auto, (max-width: 1024px) 100vw, 1024px\" \/><\/a>\n<p style=\"text-align: center;\">***<\/p>\n<p style=\"text-align: center;\">Naslov rada: Kupatilo \/ Kuhinja\nAutor: Ilija Lazi\u0107\nDepartamana za arhitekturu i urbanizam, 2019.\nPredmet: Projektovanje enterijera 1 , VI semestar, Osnovne akademske studije<\/p>\n<a href=\"http:\/\/kabinet505.ftn.uns.ac.rs\/wp-content\/uploads\/2019\/10\/12-Ilija-Lazic-AU57-2016.jpg\"><img loading=\"lazy\" decoding=\"async\" class=\"aligncenter size-full wp-image-1733\" src=\"http:\/\/kabinet505.ftn.uns.ac.rs\/wp-content\/uploads\/2019\/10\/12-Ilija-Lazic-AU57-2016.jpg\" alt=\"\" width=\"1024\" height=\"1463\" srcset=\"http:\/\/kabinet505.ftn.uns.ac.rs\/wp-content\/uploads\/2019\/10\/12-Ilija-Lazic-AU57-2016.jpg 1024w, http:\/\/kabinet505.ftn.uns.ac.rs\/wp-content\/uploads\/2019\/10\/12-Ilija-Lazic-AU57-2016-210x300.jpg 210w, http:\/\/kabinet505.ftn.uns.ac.rs\/wp-content\/uploads\/2019\/10\/12-Ilija-Lazic-AU57-2016-768x1097.jpg 768w, http:\/\/kabinet505.ftn.uns.ac.rs\/wp-content\/uploads\/2019\/10\/12-Ilija-Lazic-AU57-2016-717x1024.jpg 717w, http:\/\/kabinet505.ftn.uns.ac.rs\/wp-content\/uploads\/2019\/10\/12-Ilija-Lazic-AU57-2016-105x150.jpg 105w, http:\/\/kabinet505.ftn.uns.ac.rs\/wp-content\/uploads\/2019\/10\/12-Ilija-Lazic-AU57-2016-371x530.jpg 371w\" sizes=\"auto, (max-width: 1024px) 100vw, 1024px\" \/><\/a>\n<p style=\"text-align: center;\">***<\/p>\n<p style=\"text-align: center;\">Naslov rada: Kupatilo\nAutori: Katarina Koledin \/ Iva Pej\u010di\u0107\nDepartamana za arhitekturu i urbanizam, 2019.\nPredmet: Projektovanje enterijera 1 , VI semestar, Osnovne akademske studije<\/p>\n<a href=\"http:\/\/kabinet505.ftn.uns.ac.rs\/wp-content\/uploads\/2019\/10\/13-Katarina-Koledin-rad-treca-godina-pe1-Iva-Pejcic-treca-godina-Pe1.jpg\"><img loading=\"lazy\" decoding=\"async\" class=\"aligncenter size-full wp-image-1734\" src=\"http:\/\/kabinet505.ftn.uns.ac.rs\/wp-content\/uploads\/2019\/10\/13-Katarina-Koledin-rad-treca-godina-pe1-Iva-Pejcic-treca-godina-Pe1.jpg\" alt=\"\" width=\"1024\" height=\"1463\" srcset=\"http:\/\/kabinet505.ftn.uns.ac.rs\/wp-content\/uploads\/2019\/10\/13-Katarina-Koledin-rad-treca-godina-pe1-Iva-Pejcic-treca-godina-Pe1.jpg 1024w, http:\/\/kabinet505.ftn.uns.ac.rs\/wp-content\/uploads\/2019\/10\/13-Katarina-Koledin-rad-treca-godina-pe1-Iva-Pejcic-treca-godina-Pe1-210x300.jpg 210w, http:\/\/kabinet505.ftn.uns.ac.rs\/wp-content\/uploads\/2019\/10\/13-Katarina-Koledin-rad-treca-godina-pe1-Iva-Pejcic-treca-godina-Pe1-768x1097.jpg 768w, http:\/\/kabinet505.ftn.uns.ac.rs\/wp-content\/uploads\/2019\/10\/13-Katarina-Koledin-rad-treca-godina-pe1-Iva-Pejcic-treca-godina-Pe1-717x1024.jpg 717w, http:\/\/kabinet505.ftn.uns.ac.rs\/wp-content\/uploads\/2019\/10\/13-Katarina-Koledin-rad-treca-godina-pe1-Iva-Pejcic-treca-godina-Pe1-105x150.jpg 105w, http:\/\/kabinet505.ftn.uns.ac.rs\/wp-content\/uploads\/2019\/10\/13-Katarina-Koledin-rad-treca-godina-pe1-Iva-Pejcic-treca-godina-Pe1-371x530.jpg 371w\" sizes=\"auto, (max-width: 1024px) 100vw, 1024px\" \/><\/a>\n<p style=\"text-align: center;\">***<\/p>\n<p style=\"text-align: center;\">Naslov rada: Kupatilo\nAutori: Ivan Labovi\u0107 \/ Katarina Garovnikov\nDepartamana za arhitekturu i urbanizam, 2019.\nPredmet: Projektovanje enterijera 1 , VI semestar, Osnovne akademske studije<\/p>\n<a href=\"http:\/\/kabinet505.ftn.uns.ac.rs\/wp-content\/uploads\/2019\/10\/14-Garovnikov-Katarina-treca-godina-pe1-Ivan-Labovic-treca-godina-pe1.jpg\"><img loading=\"lazy\" decoding=\"async\" class=\"aligncenter size-full wp-image-1735\" src=\"http:\/\/kabinet505.ftn.uns.ac.rs\/wp-content\/uploads\/2019\/10\/14-Garovnikov-Katarina-treca-godina-pe1-Ivan-Labovic-treca-godina-pe1.jpg\" alt=\"\" width=\"1024\" height=\"1463\" srcset=\"http:\/\/kabinet505.ftn.uns.ac.rs\/wp-content\/uploads\/2019\/10\/14-Garovnikov-Katarina-treca-godina-pe1-Ivan-Labovic-treca-godina-pe1.jpg 1024w, http:\/\/kabinet505.ftn.uns.ac.rs\/wp-content\/uploads\/2019\/10\/14-Garovnikov-Katarina-treca-godina-pe1-Ivan-Labovic-treca-godina-pe1-210x300.jpg 210w, http:\/\/kabinet505.ftn.uns.ac.rs\/wp-content\/uploads\/2019\/10\/14-Garovnikov-Katarina-treca-godina-pe1-Ivan-Labovic-treca-godina-pe1-768x1097.jpg 768w, http:\/\/kabinet505.ftn.uns.ac.rs\/wp-content\/uploads\/2019\/10\/14-Garovnikov-Katarina-treca-godina-pe1-Ivan-Labovic-treca-godina-pe1-717x1024.jpg 717w, http:\/\/kabinet505.ftn.uns.ac.rs\/wp-content\/uploads\/2019\/10\/14-Garovnikov-Katarina-treca-godina-pe1-Ivan-Labovic-treca-godina-pe1-105x150.jpg 105w, http:\/\/kabinet505.ftn.uns.ac.rs\/wp-content\/uploads\/2019\/10\/14-Garovnikov-Katarina-treca-godina-pe1-Ivan-Labovic-treca-godina-pe1-371x530.jpg 371w\" sizes=\"auto, (max-width: 1024px) 100vw, 1024px\" \/><\/a>\n<p style=\"text-align: center;\">***<\/p>\n<p style=\"text-align: center;\">Naslov rada: Kupatilo \/ Kuhinja\nAutori: Darija Bogojevi\u0107 \/ Sara Krnjaji\u0107\nDepartamana za arhitekturu i urbanizam, 2019.\nPredmet: rojektovanje enterijera 1 , VI semestar, Osnovne akademske studije<\/p>\n<a href=\"http:\/\/kabinet505.ftn.uns.ac.rs\/wp-content\/uploads\/2019\/10\/15-Darija-Bogojevic-treca-godina-pe1-Sara-Krnjajic-pe1-treca-godina.jpg\"><img loading=\"lazy\" decoding=\"async\" class=\"aligncenter size-full wp-image-1736\" src=\"http:\/\/kabinet505.ftn.uns.ac.rs\/wp-content\/uploads\/2019\/10\/15-Darija-Bogojevic-treca-godina-pe1-Sara-Krnjajic-pe1-treca-godina.jpg\" alt=\"\" width=\"1024\" height=\"1463\" srcset=\"http:\/\/kabinet505.ftn.uns.ac.rs\/wp-content\/uploads\/2019\/10\/15-Darija-Bogojevic-treca-godina-pe1-Sara-Krnjajic-pe1-treca-godina.jpg 1024w, http:\/\/kabinet505.ftn.uns.ac.rs\/wp-content\/uploads\/2019\/10\/15-Darija-Bogojevic-treca-godina-pe1-Sara-Krnjajic-pe1-treca-godina-210x300.jpg 210w, http:\/\/kabinet505.ftn.uns.ac.rs\/wp-content\/uploads\/2019\/10\/15-Darija-Bogojevic-treca-godina-pe1-Sara-Krnjajic-pe1-treca-godina-768x1097.jpg 768w, http:\/\/kabinet505.ftn.uns.ac.rs\/wp-content\/uploads\/2019\/10\/15-Darija-Bogojevic-treca-godina-pe1-Sara-Krnjajic-pe1-treca-godina-717x1024.jpg 717w, http:\/\/kabinet505.ftn.uns.ac.rs\/wp-content\/uploads\/2019\/10\/15-Darija-Bogojevic-treca-godina-pe1-Sara-Krnjajic-pe1-treca-godina-105x150.jpg 105w, http:\/\/kabinet505.ftn.uns.ac.rs\/wp-content\/uploads\/2019\/10\/15-Darija-Bogojevic-treca-godina-pe1-Sara-Krnjajic-pe1-treca-godina-371x530.jpg 371w\" sizes=\"auto, (max-width: 1024px) 100vw, 1024px\" \/><\/a>\t\t\t\t\t\t<\/div>\n\t\t\t\t<\/div>\n\t\t\t\t\t<\/div>\n\t\t<\/div>\n\t\t\t\t\t\t\t<\/div>\n\t\t<\/section>\n\t\t\t\t\t\t\t<\/div>\n\t\t","protected":false},"excerpt":{"rendered":"<p>Pregled studentskih radova sa Departmana za arhitekturu i urbanizam Fakultet tehni\u010dkih nauka Univerziteta u Novom Sadu Organizacioni odbor ispred Departmana za arhitekturu i urbanizam dr Marko Todorov, vanredni profesor dr Ivan Mi\u0161keljin, vanredni profesor *** Naslov rada: Sala\u0161 137 Autor: Albert Topi\u0107 Predmet: Projektovanje enterijera 2 , VIII semestar, Osnovne<\/p>\n","protected":false},"author":1,"featured_media":1301,"comment_status":"closed","ping_status":"open","sticky":false,"template":"","format":"standard","meta":{"ngg_post_thumbnail":0,"footnotes":""},"categories":[7],"tags":[],"class_list":["post-1300","post","type-post","status-publish","format-standard","has-post-thumbnail","hentry","category-izlozbe"],"_links":{"self":[{"href":"http:\/\/kabinet505.ftn.uns.ac.rs\/index.php?rest_route=\/wp\/v2\/posts\/1300","targetHints":{"allow":["GET"]}}],"collection":[{"href":"http:\/\/kabinet505.ftn.uns.ac.rs\/index.php?rest_route=\/wp\/v2\/posts"}],"about":[{"href":"http:\/\/kabinet505.ftn.uns.ac.rs\/index.php?rest_route=\/wp\/v2\/types\/post"}],"author":[{"embeddable":true,"href":"http:\/\/kabinet505.ftn.uns.ac.rs\/index.php?rest_route=\/wp\/v2\/users\/1"}],"replies":[{"embeddable":true,"href":"http:\/\/kabinet505.ftn.uns.ac.rs\/index.php?rest_route=%2Fwp%2Fv2%2Fcomments&post=1300"}],"version-history":[{"count":12,"href":"http:\/\/kabinet505.ftn.uns.ac.rs\/index.php?rest_route=\/wp\/v2\/posts\/1300\/revisions"}],"predecessor-version":[{"id":6649,"href":"http:\/\/kabinet505.ftn.uns.ac.rs\/index.php?rest_route=\/wp\/v2\/posts\/1300\/revisions\/6649"}],"wp:featuredmedia":[{"embeddable":true,"href":"http:\/\/kabinet505.ftn.uns.ac.rs\/index.php?rest_route=\/wp\/v2\/media\/1301"}],"wp:attachment":[{"href":"http:\/\/kabinet505.ftn.uns.ac.rs\/index.php?rest_route=%2Fwp%2Fv2%2Fmedia&parent=1300"}],"wp:term":[{"taxonomy":"category","embeddable":true,"href":"http:\/\/kabinet505.ftn.uns.ac.rs\/index.php?rest_route=%2Fwp%2Fv2%2Fcategories&post=1300"},{"taxonomy":"post_tag","embeddable":true,"href":"http:\/\/kabinet505.ftn.uns.ac.rs\/index.php?rest_route=%2Fwp%2Fv2%2Ftags&post=1300"}],"curies":[{"name":"wp","href":"https:\/\/api.w.org\/{rel}","templated":true}]}}