{"id":1457,"date":"2020-07-12T11:25:48","date_gmt":"2020-07-12T11:25:48","guid":{"rendered":"http:\/\/kabinet505.ftn.uns.ac.rs\/?p=1457"},"modified":"2023-09-05T08:12:45","modified_gmt":"2023-09-05T08:12:45","slug":"idejni-projekat-scenske-arhitekture-sa-dizajnom-enterijera-scensko-gledalisnih-prostora-kulturna-stanica-novo-naselje","status":"publish","type":"post","link":"http:\/\/kabinet505.ftn.uns.ac.rs\/?p=1457","title":{"rendered":"IDEJNI PROJEKAT SCENSKE ARHITEKTURE SA DIZAJNOM ENTERIJERA SCENSKO-GLEDALI\u0160NIH PROSTORA- KULTURNA STANICA NOVO NASELJE"},"content":{"rendered":"<div id=\"pl-1457\"  class=\"panel-layout\" ><div id=\"pg-1457-0\"  class=\"panel-grid panel-no-style\" ><div id=\"pgc-1457-0-0\"  class=\"panel-grid-cell\" ><div id=\"panel-1457-0-0-0\" class=\"so-panel widget widget_text panel-first-child\" data-index=\"0\" >\t\t\t<div class=\"textwidget\"><p>KULTURNA STANICA NOVO NASELJE<br \/>\nMultifunkcionalna sala (Black box)<\/p>\n<\/div>\n\t\t<\/div><div id=\"panel-1457-0-0-1\" class=\"so-panel widget widget_media_image\" data-index=\"1\" ><a href=\"http:\/\/kabinet505.ftn.uns.ac.rs\/wp-content\/uploads\/2020\/09\/OSNOVA1.jpg\"><img loading=\"lazy\" decoding=\"async\" width=\"2953\" height=\"1770\" src=\"http:\/\/kabinet505.ftn.uns.ac.rs\/wp-content\/uploads\/2020\/09\/OSNOVA1.jpg\" class=\"image wp-image-1458  attachment-full size-full\" alt=\"\" style=\"max-width: 100%; height: auto;\" srcset=\"http:\/\/kabinet505.ftn.uns.ac.rs\/wp-content\/uploads\/2020\/09\/OSNOVA1.jpg 2953w, http:\/\/kabinet505.ftn.uns.ac.rs\/wp-content\/uploads\/2020\/09\/OSNOVA1-300x180.jpg 300w, http:\/\/kabinet505.ftn.uns.ac.rs\/wp-content\/uploads\/2020\/09\/OSNOVA1-768x460.jpg 768w, http:\/\/kabinet505.ftn.uns.ac.rs\/wp-content\/uploads\/2020\/09\/OSNOVA1-1024x614.jpg 1024w, http:\/\/kabinet505.ftn.uns.ac.rs\/wp-content\/uploads\/2020\/09\/OSNOVA1-150x90.jpg 150w, http:\/\/kabinet505.ftn.uns.ac.rs\/wp-content\/uploads\/2020\/09\/OSNOVA1-420x252.jpg 420w\" sizes=\"auto, (max-width: 2953px) 100vw, 2953px\" \/><\/a><\/div><div id=\"panel-1457-0-0-2\" class=\"so-panel widget widget_media_image\" data-index=\"2\" ><a href=\"http:\/\/kabinet505.ftn.uns.ac.rs\/wp-content\/uploads\/2020\/09\/OSNOVA2.jpg\"><img loading=\"lazy\" decoding=\"async\" width=\"3513\" height=\"2953\" src=\"http:\/\/kabinet505.ftn.uns.ac.rs\/wp-content\/uploads\/2020\/09\/OSNOVA2.jpg\" class=\"image wp-image-1459  attachment-full size-full\" alt=\"\" style=\"max-width: 100%; height: auto;\" srcset=\"http:\/\/kabinet505.ftn.uns.ac.rs\/wp-content\/uploads\/2020\/09\/OSNOVA2.jpg 3513w, http:\/\/kabinet505.ftn.uns.ac.rs\/wp-content\/uploads\/2020\/09\/OSNOVA2-300x252.jpg 300w, http:\/\/kabinet505.ftn.uns.ac.rs\/wp-content\/uploads\/2020\/09\/OSNOVA2-768x646.jpg 768w, http:\/\/kabinet505.ftn.uns.ac.rs\/wp-content\/uploads\/2020\/09\/OSNOVA2-1024x861.jpg 1024w, http:\/\/kabinet505.ftn.uns.ac.rs\/wp-content\/uploads\/2020\/09\/OSNOVA2-150x126.jpg 150w, http:\/\/kabinet505.ftn.uns.ac.rs\/wp-content\/uploads\/2020\/09\/OSNOVA2-420x353.jpg 420w\" sizes=\"auto, (max-width: 3513px) 100vw, 3513px\" \/><\/a><\/div><div id=\"panel-1457-0-0-3\" class=\"so-panel widget widget_media_image\" data-index=\"3\" ><a href=\"http:\/\/kabinet505.ftn.uns.ac.rs\/wp-content\/uploads\/2020\/09\/PRESEK-2.jpg\"><img loading=\"lazy\" decoding=\"async\" width=\"2953\" height=\"1213\" src=\"http:\/\/kabinet505.ftn.uns.ac.rs\/wp-content\/uploads\/2020\/09\/PRESEK-2.jpg\" class=\"image wp-image-1460  attachment-full size-full\" alt=\"\" style=\"max-width: 100%; height: auto;\" srcset=\"http:\/\/kabinet505.ftn.uns.ac.rs\/wp-content\/uploads\/2020\/09\/PRESEK-2.jpg 2953w, http:\/\/kabinet505.ftn.uns.ac.rs\/wp-content\/uploads\/2020\/09\/PRESEK-2-300x123.jpg 300w, http:\/\/kabinet505.ftn.uns.ac.rs\/wp-content\/uploads\/2020\/09\/PRESEK-2-768x315.jpg 768w, http:\/\/kabinet505.ftn.uns.ac.rs\/wp-content\/uploads\/2020\/09\/PRESEK-2-1024x421.jpg 1024w, http:\/\/kabinet505.ftn.uns.ac.rs\/wp-content\/uploads\/2020\/09\/PRESEK-2-150x62.jpg 150w, http:\/\/kabinet505.ftn.uns.ac.rs\/wp-content\/uploads\/2020\/09\/PRESEK-2-420x173.jpg 420w\" sizes=\"auto, (max-width: 2953px) 100vw, 2953px\" \/><\/a><\/div><div id=\"panel-1457-0-0-4\" class=\"so-panel widget widget_media_image\" data-index=\"4\" ><a href=\"http:\/\/kabinet505.ftn.uns.ac.rs\/wp-content\/uploads\/2020\/09\/FTN_KSNN_SVESKA-2A_SCENSKA-ARHITEKTURA-I-ENTERIJERF1.jpg\"><img loading=\"lazy\" decoding=\"async\" width=\"1869\" height=\"1027\" src=\"http:\/\/kabinet505.ftn.uns.ac.rs\/wp-content\/uploads\/2020\/09\/FTN_KSNN_SVESKA-2A_SCENSKA-ARHITEKTURA-I-ENTERIJERF1.jpg\" class=\"image wp-image-1461  attachment-full size-full\" alt=\"\" style=\"max-width: 100%; height: auto;\" srcset=\"http:\/\/kabinet505.ftn.uns.ac.rs\/wp-content\/uploads\/2020\/09\/FTN_KSNN_SVESKA-2A_SCENSKA-ARHITEKTURA-I-ENTERIJERF1.jpg 1869w, http:\/\/kabinet505.ftn.uns.ac.rs\/wp-content\/uploads\/2020\/09\/FTN_KSNN_SVESKA-2A_SCENSKA-ARHITEKTURA-I-ENTERIJERF1-300x165.jpg 300w, http:\/\/kabinet505.ftn.uns.ac.rs\/wp-content\/uploads\/2020\/09\/FTN_KSNN_SVESKA-2A_SCENSKA-ARHITEKTURA-I-ENTERIJERF1-768x422.jpg 768w, http:\/\/kabinet505.ftn.uns.ac.rs\/wp-content\/uploads\/2020\/09\/FTN_KSNN_SVESKA-2A_SCENSKA-ARHITEKTURA-I-ENTERIJERF1-1024x563.jpg 1024w, http:\/\/kabinet505.ftn.uns.ac.rs\/wp-content\/uploads\/2020\/09\/FTN_KSNN_SVESKA-2A_SCENSKA-ARHITEKTURA-I-ENTERIJERF1-150x82.jpg 150w, http:\/\/kabinet505.ftn.uns.ac.rs\/wp-content\/uploads\/2020\/09\/FTN_KSNN_SVESKA-2A_SCENSKA-ARHITEKTURA-I-ENTERIJERF1-420x231.jpg 420w\" sizes=\"auto, (max-width: 1869px) 100vw, 1869px\" \/><\/a><\/div><div id=\"panel-1457-0-0-5\" class=\"so-panel widget widget_media_image\" data-index=\"5\" ><a href=\"http:\/\/kabinet505.ftn.uns.ac.rs\/wp-content\/uploads\/2020\/09\/FTN_KSNN_SVESKA-2A_SCENSKA-ARHITEKTURA-I-F3.jpg\"><img loading=\"lazy\" decoding=\"async\" width=\"2994\" height=\"1685\" src=\"http:\/\/kabinet505.ftn.uns.ac.rs\/wp-content\/uploads\/2020\/09\/FTN_KSNN_SVESKA-2A_SCENSKA-ARHITEKTURA-I-F3.jpg\" class=\"image wp-image-1463  attachment-full size-full\" alt=\"\" style=\"max-width: 100%; height: auto;\" srcset=\"http:\/\/kabinet505.ftn.uns.ac.rs\/wp-content\/uploads\/2020\/09\/FTN_KSNN_SVESKA-2A_SCENSKA-ARHITEKTURA-I-F3.jpg 2994w, http:\/\/kabinet505.ftn.uns.ac.rs\/wp-content\/uploads\/2020\/09\/FTN_KSNN_SVESKA-2A_SCENSKA-ARHITEKTURA-I-F3-300x169.jpg 300w, http:\/\/kabinet505.ftn.uns.ac.rs\/wp-content\/uploads\/2020\/09\/FTN_KSNN_SVESKA-2A_SCENSKA-ARHITEKTURA-I-F3-768x432.jpg 768w, http:\/\/kabinet505.ftn.uns.ac.rs\/wp-content\/uploads\/2020\/09\/FTN_KSNN_SVESKA-2A_SCENSKA-ARHITEKTURA-I-F3-1024x576.jpg 1024w, http:\/\/kabinet505.ftn.uns.ac.rs\/wp-content\/uploads\/2020\/09\/FTN_KSNN_SVESKA-2A_SCENSKA-ARHITEKTURA-I-F3-150x84.jpg 150w, http:\/\/kabinet505.ftn.uns.ac.rs\/wp-content\/uploads\/2020\/09\/FTN_KSNN_SVESKA-2A_SCENSKA-ARHITEKTURA-I-F3-420x236.jpg 420w\" sizes=\"auto, (max-width: 2994px) 100vw, 2994px\" \/><\/a><\/div><div id=\"panel-1457-0-0-6\" class=\"so-panel widget widget_media_image panel-last-child\" data-index=\"6\" ><img loading=\"lazy\" decoding=\"async\" width=\"2995\" height=\"1996\" src=\"http:\/\/kabinet505.ftn.uns.ac.rs\/wp-content\/uploads\/2020\/09\/FTN_KSNN_SVESKA-2A_SCENSKA-ARHITEKTURA-I-ENTERIJERF2.jpg\" class=\"image wp-image-1462  attachment-full size-full\" alt=\"\" style=\"max-width: 100%; height: auto;\" srcset=\"http:\/\/kabinet505.ftn.uns.ac.rs\/wp-content\/uploads\/2020\/09\/FTN_KSNN_SVESKA-2A_SCENSKA-ARHITEKTURA-I-ENTERIJERF2.jpg 2995w, http:\/\/kabinet505.ftn.uns.ac.rs\/wp-content\/uploads\/2020\/09\/FTN_KSNN_SVESKA-2A_SCENSKA-ARHITEKTURA-I-ENTERIJERF2-300x200.jpg 300w, http:\/\/kabinet505.ftn.uns.ac.rs\/wp-content\/uploads\/2020\/09\/FTN_KSNN_SVESKA-2A_SCENSKA-ARHITEKTURA-I-ENTERIJERF2-768x512.jpg 768w, http:\/\/kabinet505.ftn.uns.ac.rs\/wp-content\/uploads\/2020\/09\/FTN_KSNN_SVESKA-2A_SCENSKA-ARHITEKTURA-I-ENTERIJERF2-1024x682.jpg 1024w, http:\/\/kabinet505.ftn.uns.ac.rs\/wp-content\/uploads\/2020\/09\/FTN_KSNN_SVESKA-2A_SCENSKA-ARHITEKTURA-I-ENTERIJERF2-150x100.jpg 150w, http:\/\/kabinet505.ftn.uns.ac.rs\/wp-content\/uploads\/2020\/09\/FTN_KSNN_SVESKA-2A_SCENSKA-ARHITEKTURA-I-ENTERIJERF2-420x280.jpg 420w\" sizes=\"auto, (max-width: 2995px) 100vw, 2995px\" \/><\/div><\/div><div id=\"pgc-1457-0-1\"  class=\"panel-grid-cell\" ><div id=\"panel-1457-0-1-0\" class=\"so-panel widget widget_text panel-first-child panel-last-child\" data-index=\"7\" >\t\t\t<div class=\"textwidget\"><p><strong>Location \/ Lokacija:<\/strong> KULTURNA STANICA NOVO NASELJE, NOVI SAD<br \/>\n<strong>Designed \/ Godina projektovanja:<\/strong> 2020.<\/p>\n<p><strong>Team of authors \/ Autorski tim:<\/strong><\/p>\n<p>Radivoje Dinulovi\u0107, dipl. in\u017e. arh.<br \/>\nAleksandra Pe\u0161terac, mast. in\u017e. arh.<br \/>\nSla\u0111ana Mili\u0107evi\u0107, mast. in\u017e. arh.<br \/>\nIgor Mara\u0161, mast. in\u017e. arh.<br \/>\nVladimir Ili\u0107, dipl. in\u017e. arh.<br \/>\nRomana Bo\u0161kovi\u0107 \u017divanovi\u0107, mast. in\u017e. arh.<br \/>\nIvana Mi\u0161keljin, mast. in\u017e. arh.<br \/>\nMarko Todorov, mast. in\u017e. arh.<br \/>\nJelena Atanackovi\u0107 Jeli\u010di\u0107, mast. in\u017e. arh.<br \/>\nDejan Ecet, mast. in\u017e. arh.<br \/>\nVladimir Savi\u0107, mast. in\u017e. arh., mast. um. scen.diz.<br \/>\nDragana Pilipovi\u0107, mast. in\u017e. arh.<br \/>\nAleksandra Raki\u0107, dipl. in\u017e. scen. arh. teh. diz.,mast. um. scen. diz.<\/p>\n<p>Koordinatori projekata scenske<br \/>\narhitekture za objekt KS Novo Naselje:<br \/>\nDr Sla\u0111ana Mili\u0107evi\u0107, docent<br \/>\nDr Aleksandra Pe\u0161terac, docent<br \/>\nKoordinator projekata enterijera<br \/>\nza objekt KS Novo Naselje:<br \/>\nVladimir Ili\u0107, docent<br \/>\nRukovodilac konsultantskog tima<br \/>\nprostorne akustike za objekt KS Novo Naselje:<br \/>\nDr Miomir Miji\u0107, redovni profesor<br \/>\nKoordinator projekata scenske<br \/>\ntehnologije za objekt KS Novo Naselje:<br \/>\nVladimir Savi\u0107, laborant<br \/>\nRukovodilac projekata scenske tehnike<br \/>\ni tehnologije za objekt KS Novo Naselje:<br \/>\nRadisav Mari\u0107, dipl. in\u017e. arh.<\/p>\n<\/div>\n\t\t<\/div><\/div><\/div><\/div>","protected":false},"excerpt":{"rendered":"<p>KULTURNA STANICA NOVO NASELJE Multifunkcionalna sala (Black box) Location \/ Lokacija: KULTURNA STANICA NOVO NASELJE, NOVI SAD Designed \/ Godina projektovanja: 2020. Team of authors \/ Autorski tim: Radivoje Dinulovi\u0107, dipl. in\u017e. arh. Aleksandra Pe\u0161terac, mast. in\u017e. arh. Sla\u0111ana Mili\u0107evi\u0107, mast. in\u017e. arh. Igor Mara\u0161, mast. in\u017e. arh. Vladimir Ili\u0107,<\/p>\n","protected":false},"author":1,"featured_media":1463,"comment_status":"closed","ping_status":"open","sticky":false,"template":"","format":"standard","meta":{"ngg_post_thumbnail":0,"footnotes":""},"categories":[6],"tags":[],"class_list":["post-1457","post","type-post","status-publish","format-standard","has-post-thumbnail","hentry","category-projekti"],"_links":{"self":[{"href":"http:\/\/kabinet505.ftn.uns.ac.rs\/index.php?rest_route=\/wp\/v2\/posts\/1457","targetHints":{"allow":["GET"]}}],"collection":[{"href":"http:\/\/kabinet505.ftn.uns.ac.rs\/index.php?rest_route=\/wp\/v2\/posts"}],"about":[{"href":"http:\/\/kabinet505.ftn.uns.ac.rs\/index.php?rest_route=\/wp\/v2\/types\/post"}],"author":[{"embeddable":true,"href":"http:\/\/kabinet505.ftn.uns.ac.rs\/index.php?rest_route=\/wp\/v2\/users\/1"}],"replies":[{"embeddable":true,"href":"http:\/\/kabinet505.ftn.uns.ac.rs\/index.php?rest_route=%2Fwp%2Fv2%2Fcomments&post=1457"}],"version-history":[{"count":6,"href":"http:\/\/kabinet505.ftn.uns.ac.rs\/index.php?rest_route=\/wp\/v2\/posts\/1457\/revisions"}],"predecessor-version":[{"id":1469,"href":"http:\/\/kabinet505.ftn.uns.ac.rs\/index.php?rest_route=\/wp\/v2\/posts\/1457\/revisions\/1469"}],"wp:featuredmedia":[{"embeddable":true,"href":"http:\/\/kabinet505.ftn.uns.ac.rs\/index.php?rest_route=\/wp\/v2\/media\/1463"}],"wp:attachment":[{"href":"http:\/\/kabinet505.ftn.uns.ac.rs\/index.php?rest_route=%2Fwp%2Fv2%2Fmedia&parent=1457"}],"wp:term":[{"taxonomy":"category","embeddable":true,"href":"http:\/\/kabinet505.ftn.uns.ac.rs\/index.php?rest_route=%2Fwp%2Fv2%2Fcategories&post=1457"},{"taxonomy":"post_tag","embeddable":true,"href":"http:\/\/kabinet505.ftn.uns.ac.rs\/index.php?rest_route=%2Fwp%2Fv2%2Ftags&post=1457"}],"curies":[{"name":"wp","href":"https:\/\/api.w.org\/{rel}","templated":true}]}}