{"id":3268,"date":"2021-07-06T21:46:37","date_gmt":"2021-07-06T21:46:37","guid":{"rendered":"http:\/\/kabinet505.ftn.uns.ac.rs\/?p=3268"},"modified":"2023-09-05T08:23:24","modified_gmt":"2023-09-05T08:23:24","slug":"de_seid-2020-2021","status":"publish","type":"post","link":"http:\/\/kabinet505.ftn.uns.ac.rs\/?p=3268","title":{"rendered":"DE_SEID 2020\/2021"},"content":{"rendered":"\t\t<div data-elementor-type=\"wp-post\" data-elementor-id=\"3268\" class=\"elementor elementor-3268\">\n\t\t\t\t\t\t\t\t\t<section class=\"elementor-section elementor-top-section elementor-element elementor-element-53fa70d elementor-section-full_width elementor-section-height-default elementor-section-height-default\" data-id=\"53fa70d\" data-element_type=\"section\">\n\t\t\t\t\t\t<div class=\"elementor-container elementor-column-gap-default\">\n\t\t\t\t\t<div class=\"elementor-column elementor-col-100 elementor-top-column elementor-element elementor-element-17a0b3b\" data-id=\"17a0b3b\" data-element_type=\"column\">\n\t\t\t<div class=\"elementor-widget-wrap elementor-element-populated\">\n\t\t\t\t\t\t\t\t<section class=\"elementor-section elementor-inner-section elementor-element elementor-element-2c7e70d elementor-section-full_width elementor-section-height-default elementor-section-height-default\" data-id=\"2c7e70d\" data-element_type=\"section\">\n\t\t\t\t\t\t<div class=\"elementor-container elementor-column-gap-default\">\n\t\t\t\t\t<div class=\"elementor-column elementor-col-33 elementor-inner-column elementor-element elementor-element-55521cd\" data-id=\"55521cd\" data-element_type=\"column\">\n\t\t\t<div class=\"elementor-widget-wrap elementor-element-populated\">\n\t\t\t\t\t\t\t\t<div class=\"elementor-element elementor-element-d36b635 elementor-widget elementor-widget-text-editor\" data-id=\"d36b635\" data-element_type=\"widget\" data-widget_type=\"text-editor.default\">\n\t\t\t\t<div class=\"elementor-widget-container\">\n\t\t\t\t\t\t\t<h1>DE_SEID 2020\/2021\u00a0<\/h1><p>Master modul dizajn enterijera \/ Savremeni enterijer i dizajn<\/p>\t\t\t\t\t\t<\/div>\n\t\t\t\t<\/div>\n\t\t\t\t<div class=\"elementor-element elementor-element-1a25493 elementor-widget-divider--view-line elementor-widget elementor-widget-divider\" data-id=\"1a25493\" data-element_type=\"widget\" data-widget_type=\"divider.default\">\n\t\t\t\t<div class=\"elementor-widget-container\">\n\t\t\t\t\t<div class=\"elementor-divider\">\n\t\t\t<span class=\"elementor-divider-separator\">\n\t\t\t\t\t\t<\/span>\n\t\t<\/div>\n\t\t\t\t<\/div>\n\t\t\t\t<\/div>\n\t\t\t\t<div class=\"elementor-element elementor-element-b95ee92 elementor-widget elementor-widget-toggle\" data-id=\"b95ee92\" data-element_type=\"widget\" data-widget_type=\"toggle.default\">\n\t\t\t\t<div class=\"elementor-widget-container\">\n\t\t\t\t\t<div class=\"elementor-toggle\" role=\"tablist\">\n\t\t\t\t\t\t\t<div class=\"elementor-toggle-item\">\n\t\t\t\t\t<div id=\"elementor-tab-title-1941\" class=\"elementor-tab-title\" data-tab=\"1\" role=\"tab\" aria-controls=\"elementor-tab-content-1941\" aria-expanded=\"false\">\n\t\t\t\t\t\t\t\t\t\t\t\t<span class=\"elementor-toggle-icon elementor-toggle-icon-left\" aria-hidden=\"true\">\n\t\t\t\t\t\t\t\t\t\t\t\t\t\t\t<span class=\"elementor-toggle-icon-closed\"><i class=\"fas fa-caret-right\"><\/i><\/span>\n\t\t\t\t\t\t\t\t<span class=\"elementor-toggle-icon-opened\"><i class=\"elementor-toggle-icon-opened fas fa-caret-up\"><\/i><\/span>\n\t\t\t\t\t\t\t\t\t\t\t\t\t<\/span>\n\t\t\t\t\t\t\t\t\t\t\t\t<a href=\"\" class=\"elementor-toggle-title\"><h5>Impresum<\/h5><\/a>\n\t\t\t\t\t<\/div>\n\n\t\t\t\t\t<div id=\"elementor-tab-content-1941\" class=\"elementor-tab-content elementor-clearfix\" data-tab=\"1\" role=\"tabpanel\" aria-labelledby=\"elementor-tab-title-1941\"><p><strong>DE_SEID 2020\/2021\u00a0<\/strong><\/p><p>Master modul dizajn enterijera \/ Savremeni enterijer i dizajn<\/p><p>Katalog izlo\u017ebe 2021.\u00a0Digitalna galerija Kabineta 505, Fakultet tehni\u010dkih nauka, Univerzitet u Novom Sadu<\/p><p><strong>Urednici kataloga:<\/strong><\/p><p>dr Sa\u0161a Medi\u0107, docent, Departman za arhitekturu i urbanizam, Fakultet tehni\u010dkih nauka, Univerzitet u Novom Sadu<\/p><p>Radomir Koji\u0107, docent, Departman za arhitekturu i urbanizam, Fakultet tehni\u010dkih nauka, Univerzitet u Novom Sadu<\/p><p><strong>Recenzija:<\/strong><\/p><p>dr Dejan Ecet, docent, Departman za arhitekturu i urbanizam, Fakultet tehni\u010dkih nauka, Univerzitet u Novom Sadu<\/p><p><strong>Grafi\u010dki dizajn kataloga:<\/strong><\/p><p>Radomir Koji\u0107, docent, Departman za arhitekturu i urbanizam, Fakultet tehni\u010dkih nauka, Univerzitet u Novom Sadu<\/p><p><strong>Izdava\u010d:<\/strong><\/p><p>Departman za arhitekturu i urbanizam, Fakultet tehni\u010dkih nauka, Univerzitet u Novom Sadu<\/p><p>Digitalni katalog izlo\u017ebe<\/p><p>ISBN 978-86-6022-349-6<\/p><\/div>\n\t\t\t\t<\/div>\n\t\t\t\t\t\t\t\t<\/div>\n\t\t\t\t<\/div>\n\t\t\t\t<\/div>\n\t\t\t\t<div class=\"elementor-element elementor-element-cd0eda1 elementor-widget elementor-widget-toggle\" data-id=\"cd0eda1\" data-element_type=\"widget\" data-widget_type=\"toggle.default\">\n\t\t\t\t<div class=\"elementor-widget-container\">\n\t\t\t\t\t<div class=\"elementor-toggle\" role=\"tablist\">\n\t\t\t\t\t\t\t<div class=\"elementor-toggle-item\">\n\t\t\t\t\t<div id=\"elementor-tab-title-2151\" class=\"elementor-tab-title\" data-tab=\"1\" role=\"tab\" aria-controls=\"elementor-tab-content-2151\" aria-expanded=\"false\">\n\t\t\t\t\t\t\t\t\t\t\t\t<span class=\"elementor-toggle-icon elementor-toggle-icon-left\" aria-hidden=\"true\">\n\t\t\t\t\t\t\t\t\t\t\t\t\t\t\t<span class=\"elementor-toggle-icon-closed\"><i class=\"fas fa-caret-right\"><\/i><\/span>\n\t\t\t\t\t\t\t\t<span class=\"elementor-toggle-icon-opened\"><i class=\"elementor-toggle-icon-opened fas fa-caret-up\"><\/i><\/span>\n\t\t\t\t\t\t\t\t\t\t\t\t\t<\/span>\n\t\t\t\t\t\t\t\t\t\t\t\t<a href=\"\" class=\"elementor-toggle-title\"><h5>Recenzija<\/h5><\/a>\n\t\t\t\t\t<\/div>\n\n\t\t\t\t\t<div id=\"elementor-tab-content-2151\" class=\"elementor-tab-content elementor-clearfix\" data-tab=\"1\" role=\"tabpanel\" aria-labelledby=\"elementor-tab-title-2151\"><p style=\"text-align: justify;\"><em>Salonski<\/em> <em>stan<\/em> ili kolokvijalno re\u010deno <em>salonac<\/em> je termin koji opisuje autenti\u010dan stambeni prostor sa karakteristi\u010dnom prostorno- funkcionalnom organizacijom. Termin se vezuje za reprezentativne stanove koji su gra\u0111eni u okviru vi\u0161eporodi\u010dnih stambenih objekata izme\u0111u dva svetska rata u Srbiji. Kako su ovakvi objekti bili namenjeni bogatim trgovcima i \u010dinovnicima, u projektovanju se posebna pa\u017enja poklanjala dekorisanju fasade, materijalizaciji i prostorno- funkcionalnim karakteristikama pa se reprezentativni karakter ovakvih objekata ogledao u gotovo svim arhitektonskim elementima.<\/p><p style=\"text-align: justify;\">Upravo zbog svojih reprezentativnih karakteristika je ovaj tip stambenih objekata odoleo zahtevima savremenog dru\u0161tva ali i postavio nove izazove pred projektante kojima je danas uloga, izme\u0111u ostalog, da prilagode ove stambene prostore novim korisnicima pa i <em>Koktel<\/em> <em>baru<\/em>, \u0161to je bila konkretno tema koju su master studenti istra\u017eili u okviru projektnog zadatka na predmetu <em>Savremeni<\/em> <em>enterijer i dizajn<\/em>.<\/p><p style=\"text-align: justify;\">Rezultat ovog istra\u017eivanja je prikazan na izlo\u017ebi <em>DE_SEID 2020\/2021<\/em> koju \u010dini 13 projekata u kojima je na razli\u010dite na\u010dine deo stambenog prostora \u201esalonskog stana\u201c transformisan u atraktivan prostor <em>Koktel<\/em> bara. U prikazanim projektima je vi\u0161e nego o\u010digledan visoki stepen tehni\u010dke i tehnolo\u0161ke razrade, a nivo razrade projekata prevazilazi <em>idejno<\/em> <em>re\u0161enje, <\/em>ve\u0107 pripada grupi <em>visoko<\/em> <em>razra\u0111enih<\/em> <em>projekata<\/em>. Posebno u segmentu razrade radnog mesta barmena sa svom potrebnom podr\u0161kom koju \u010dini neophodna tehnika i servisni prostori. Uprkos slo\u017eenom tehni\u010dko-tehnolo\u0161kom procesu nije izostala atraktivnost koja ocrtava savremeni duh vremena u diverzitetu savremene me\u0161avine <em>klasi\u010dnih<\/em> <em>materijala<\/em> i tehnologije. Nakon analize projekata prikazanih na izlo\u017ebi mo\u017eemo zaklju\u010diti da je s<em>alonac<\/em>, prevashodno namenjen stanarima, dobio novog korisnika- Koktel bar.<\/p><p>dr Dejan Ecet, docent, Fakultet tehni\u010dkih nauka, Univerzitet u Novom Sadu<\/p><\/div>\n\t\t\t\t<\/div>\n\t\t\t\t\t\t\t\t<\/div>\n\t\t\t\t<\/div>\n\t\t\t\t<\/div>\n\t\t\t\t<div class=\"elementor-element elementor-element-8c1f9fd elementor-widget elementor-widget-text-editor\" data-id=\"8c1f9fd\" data-element_type=\"widget\" data-widget_type=\"text-editor.default\">\n\t\t\t\t<div class=\"elementor-widget-container\">\n\t\t\t\t\t\t\t<p style=\"text-align: left;\">Ovde mo\u017eete preuzeti katalog u PDF formatu:<\/p><p><span style=\"text-decoration: underline; color: #808080;\"><a style=\"color: #808080;\" href=\"http:\/\/kabinet505.ftn.uns.ac.rs\/wp-content\/uploads\/PDF\/DE_SEID2021_katalog_izlozbe.pdf\" target=\"_blank\" rel=\"noopener\">DE_SEID 2020\/2021 katalog izlozbe.pdf<\/a><\/span><\/p>\t\t\t\t\t\t<\/div>\n\t\t\t\t<\/div>\n\t\t\t\t\t<\/div>\n\t\t<\/div>\n\t\t\t\t<div class=\"elementor-column elementor-col-66 elementor-inner-column elementor-element elementor-element-f558cea\" data-id=\"f558cea\" data-element_type=\"column\">\n\t\t\t<div class=\"elementor-widget-wrap elementor-element-populated\">\n\t\t\t\t\t\t\t\t<div class=\"elementor-element elementor-element-7704d27 elementor-widget elementor-widget-text-editor\" data-id=\"7704d27\" data-element_type=\"widget\" data-widget_type=\"text-editor.default\">\n\t\t\t\t<div class=\"elementor-widget-container\">\n\t\t\t\t\t\t\tngg_shortcode_0_placeholder\t\t\t\t\t\t<\/div>\n\t\t\t\t<\/div>\n\t\t\t\t\t<\/div>\n\t\t<\/div>\n\t\t\t\t\t\t\t<\/div>\n\t\t<\/section>\n\t\t\t\t\t<\/div>\n\t\t<\/div>\n\t\t\t\t\t\t\t<\/div>\n\t\t<\/section>\n\t\t\t\t\t\t\t<\/div>\n\t\t","protected":false},"excerpt":{"rendered":"<p>DE_SEID 2020\/2021\u00a0 Master modul dizajn enterijera \/ Savremeni enterijer i dizajn Impresum DE_SEID 2020\/2021\u00a0 Master modul dizajn enterijera \/ Savremeni enterijer i dizajn Katalog izlo\u017ebe 2021.\u00a0Digitalna galerija Kabineta 505, Fakultet tehni\u010dkih nauka, Univerzitet u Novom Sadu Urednici kataloga: dr Sa\u0161a Medi\u0107, docent, Departman za arhitekturu i urbanizam, Fakultet tehni\u010dkih nauka,<\/p>\n","protected":false},"author":1,"featured_media":3269,"comment_status":"closed","ping_status":"open","sticky":false,"template":"elementor_header_footer","format":"standard","meta":{"ngg_post_thumbnail":0,"footnotes":""},"categories":[7],"tags":[],"class_list":["post-3268","post","type-post","status-publish","format-standard","has-post-thumbnail","hentry","category-izlozbe"],"_links":{"self":[{"href":"http:\/\/kabinet505.ftn.uns.ac.rs\/index.php?rest_route=\/wp\/v2\/posts\/3268","targetHints":{"allow":["GET"]}}],"collection":[{"href":"http:\/\/kabinet505.ftn.uns.ac.rs\/index.php?rest_route=\/wp\/v2\/posts"}],"about":[{"href":"http:\/\/kabinet505.ftn.uns.ac.rs\/index.php?rest_route=\/wp\/v2\/types\/post"}],"author":[{"embeddable":true,"href":"http:\/\/kabinet505.ftn.uns.ac.rs\/index.php?rest_route=\/wp\/v2\/users\/1"}],"replies":[{"embeddable":true,"href":"http:\/\/kabinet505.ftn.uns.ac.rs\/index.php?rest_route=%2Fwp%2Fv2%2Fcomments&post=3268"}],"version-history":[{"count":33,"href":"http:\/\/kabinet505.ftn.uns.ac.rs\/index.php?rest_route=\/wp\/v2\/posts\/3268\/revisions"}],"predecessor-version":[{"id":3333,"href":"http:\/\/kabinet505.ftn.uns.ac.rs\/index.php?rest_route=\/wp\/v2\/posts\/3268\/revisions\/3333"}],"wp:featuredmedia":[{"embeddable":true,"href":"http:\/\/kabinet505.ftn.uns.ac.rs\/index.php?rest_route=\/wp\/v2\/media\/3269"}],"wp:attachment":[{"href":"http:\/\/kabinet505.ftn.uns.ac.rs\/index.php?rest_route=%2Fwp%2Fv2%2Fmedia&parent=3268"}],"wp:term":[{"taxonomy":"category","embeddable":true,"href":"http:\/\/kabinet505.ftn.uns.ac.rs\/index.php?rest_route=%2Fwp%2Fv2%2Fcategories&post=3268"},{"taxonomy":"post_tag","embeddable":true,"href":"http:\/\/kabinet505.ftn.uns.ac.rs\/index.php?rest_route=%2Fwp%2Fv2%2Ftags&post=3268"}],"curies":[{"name":"wp","href":"https:\/\/api.w.org\/{rel}","templated":true}]}}