{"id":477,"date":"2011-11-25T16:10:25","date_gmt":"2011-11-25T16:10:25","guid":{"rendered":"http:\/\/kabinet505.ftn.uns.ac.rs\/?p=477"},"modified":"2020-01-25T22:34:06","modified_gmt":"2020-01-25T22:34:06","slug":"dogradnja-osnovne-skole-u-novom-sad","status":"publish","type":"post","link":"http:\/\/kabinet505.ftn.uns.ac.rs\/?p=477","title":{"rendered":"Dogradnja osnovne \u0161kole u Novom Sad"},"content":{"rendered":"<div id=\"pl-477\"  class=\"panel-layout\" ><div id=\"pg-477-0\"  class=\"panel-grid panel-no-style\" ><div id=\"pgc-477-0-0\"  class=\"panel-grid-cell\" ><div id=\"panel-477-0-0-0\" class=\"so-panel widget widget_text panel-first-child\" data-index=\"0\" >\t\t\t<div class=\"textwidget\"><p>U Bulevaru Despota Stefana, u novosadskom naselju Liman 3, izgra\u0111ena je 1981. godine zgrada Osnovne \u0161kole \u017darko Zrenjanin. Sredinom prve<br \/>\ndecenije dvadeset prvog veka, potrebe za nastavnim prostorom prevazi\u0161le su projektovane kapacitete. Projektnim zadatkom i urbanisti\u010dkim uslovima<br \/>\nzahtevana je dogradnja novog volumena u zoni iznad ulaza i postoje\u0107eg nastavnog bloka. Projektantsko polazi\u0161te bilo je da se u striktno definisanom<br \/>\nprogramskom i prostronom okviru uvede jedna nova, vizuelno nenametljiva struktura koja ne\u0107e poremetiti zate\u010dene oblikovne i funkcionalne odnose.<\/p>\n<p>Autori<\/p>\n<\/div>\n\t\t<\/div><div id=\"panel-477-0-0-1\" class=\"so-panel widget widget_media_image panel-last-child\" data-index=\"1\" ><img loading=\"lazy\" decoding=\"async\" width=\"464\" height=\"619\" src=\"http:\/\/kabinet505.ftn.uns.ac.rs\/wp-content\/uploads\/2020\/01\/skola_dogradnja.jpg\" class=\"image wp-image-478  attachment-full size-full\" alt=\"\" style=\"max-width: 100%; height: auto;\" srcset=\"http:\/\/kabinet505.ftn.uns.ac.rs\/wp-content\/uploads\/2020\/01\/skola_dogradnja.jpg 464w, http:\/\/kabinet505.ftn.uns.ac.rs\/wp-content\/uploads\/2020\/01\/skola_dogradnja-225x300.jpg 225w, http:\/\/kabinet505.ftn.uns.ac.rs\/wp-content\/uploads\/2020\/01\/skola_dogradnja-112x150.jpg 112w, http:\/\/kabinet505.ftn.uns.ac.rs\/wp-content\/uploads\/2020\/01\/skola_dogradnja-397x530.jpg 397w\" sizes=\"auto, (max-width: 464px) 100vw, 464px\" \/><\/div><\/div><div id=\"pgc-477-0-1\"  class=\"panel-grid-cell\" ><div id=\"panel-477-0-1-0\" class=\"so-panel widget widget_text panel-first-child panel-last-child\" data-index=\"2\" >\t\t\t<div class=\"textwidget\"><p><strong>Location \/ Lokacija<\/strong>: Novi Sad<\/p>\n<p><strong>Designed \/ Projektovano<\/strong>: 2012.<\/p>\n<p><strong>Team of authors \/ Autorski tim:<\/strong><\/p>\n<p>Jelena Atanackovi\u0107 Jeli\u010di\u0107<br \/>\nIgor Mara\u0161<br \/>\nMilica Kostre\u0161<br \/>\nMarko Todorov<\/p>\n<p>&nbsp;<\/p>\n<\/div>\n\t\t<\/div><\/div><\/div><\/div>","protected":false},"excerpt":{"rendered":"<p>U Bulevaru Despota Stefana, u novosadskom naselju Liman 3, izgra\u0111ena je 1981. godine zgrada Osnovne \u0161kole \u017darko Zrenjanin. Sredinom prve decenije dvadeset prvog veka, potrebe za nastavnim prostorom prevazi\u0161le su projektovane kapacitete. Projektnim zadatkom i urbanisti\u010dkim uslovima zahtevana je dogradnja novog volumena u zoni iznad ulaza i postoje\u0107eg nastavnog bloka.<\/p>\n","protected":false},"author":1,"featured_media":478,"comment_status":"open","ping_status":"open","sticky":false,"template":"","format":"standard","meta":{"ngg_post_thumbnail":0,"footnotes":""},"categories":[6],"tags":[],"class_list":["post-477","post","type-post","status-publish","format-standard","has-post-thumbnail","hentry","category-projekti"],"_links":{"self":[{"href":"http:\/\/kabinet505.ftn.uns.ac.rs\/index.php?rest_route=\/wp\/v2\/posts\/477","targetHints":{"allow":["GET"]}}],"collection":[{"href":"http:\/\/kabinet505.ftn.uns.ac.rs\/index.php?rest_route=\/wp\/v2\/posts"}],"about":[{"href":"http:\/\/kabinet505.ftn.uns.ac.rs\/index.php?rest_route=\/wp\/v2\/types\/post"}],"author":[{"embeddable":true,"href":"http:\/\/kabinet505.ftn.uns.ac.rs\/index.php?rest_route=\/wp\/v2\/users\/1"}],"replies":[{"embeddable":true,"href":"http:\/\/kabinet505.ftn.uns.ac.rs\/index.php?rest_route=%2Fwp%2Fv2%2Fcomments&post=477"}],"version-history":[{"count":6,"href":"http:\/\/kabinet505.ftn.uns.ac.rs\/index.php?rest_route=\/wp\/v2\/posts\/477\/revisions"}],"predecessor-version":[{"id":484,"href":"http:\/\/kabinet505.ftn.uns.ac.rs\/index.php?rest_route=\/wp\/v2\/posts\/477\/revisions\/484"}],"wp:featuredmedia":[{"embeddable":true,"href":"http:\/\/kabinet505.ftn.uns.ac.rs\/index.php?rest_route=\/wp\/v2\/media\/478"}],"wp:attachment":[{"href":"http:\/\/kabinet505.ftn.uns.ac.rs\/index.php?rest_route=%2Fwp%2Fv2%2Fmedia&parent=477"}],"wp:term":[{"taxonomy":"category","embeddable":true,"href":"http:\/\/kabinet505.ftn.uns.ac.rs\/index.php?rest_route=%2Fwp%2Fv2%2Fcategories&post=477"},{"taxonomy":"post_tag","embeddable":true,"href":"http:\/\/kabinet505.ftn.uns.ac.rs\/index.php?rest_route=%2Fwp%2Fv2%2Ftags&post=477"}],"curies":[{"name":"wp","href":"https:\/\/api.w.org\/{rel}","templated":true}]}}