{"id":814,"date":"2014-05-28T16:57:32","date_gmt":"2014-05-28T16:57:32","guid":{"rendered":"http:\/\/kabinet505.ftn.uns.ac.rs\/?p=814"},"modified":"2023-09-05T08:10:24","modified_gmt":"2023-09-05T08:10:24","slug":"edjunarodni-konkurs-za-urbanisticko-arhitektonsko-resenje-dela-starog-centra-u-sremskim-karlovcima-i-neposrednog-okruzenja","status":"publish","type":"post","link":"http:\/\/kabinet505.ftn.uns.ac.rs\/?p=814","title":{"rendered":"Me\u0111unarodni konkurs za urbanisti\u010dko-arhitektonsko re\u0161enje dela starog centra u Sremskim Karlovcima i neposrednog okru\u017eenja"},"content":{"rendered":"<div id=\"pl-814\"  class=\"panel-layout\" ><div id=\"pg-814-0\"  class=\"panel-grid panel-no-style\" ><div id=\"pgc-814-0-0\"  class=\"panel-grid-cell\" ><div id=\"panel-814-0-0-0\" class=\"so-panel widget widget_media_image panel-first-child\" data-index=\"0\" ><img loading=\"lazy\" decoding=\"async\" width=\"935\" height=\"1336\" src=\"http:\/\/kabinet505.ftn.uns.ac.rs\/wp-content\/uploads\/2020\/01\/skarlovci_3-1.jpg\" class=\"image wp-image-823  attachment-full size-full\" alt=\"\" style=\"max-width: 100%; height: auto;\" srcset=\"http:\/\/kabinet505.ftn.uns.ac.rs\/wp-content\/uploads\/2020\/01\/skarlovci_3-1.jpg 935w, http:\/\/kabinet505.ftn.uns.ac.rs\/wp-content\/uploads\/2020\/01\/skarlovci_3-1-210x300.jpg 210w, http:\/\/kabinet505.ftn.uns.ac.rs\/wp-content\/uploads\/2020\/01\/skarlovci_3-1-768x1097.jpg 768w, http:\/\/kabinet505.ftn.uns.ac.rs\/wp-content\/uploads\/2020\/01\/skarlovci_3-1-717x1024.jpg 717w, http:\/\/kabinet505.ftn.uns.ac.rs\/wp-content\/uploads\/2020\/01\/skarlovci_3-1-105x150.jpg 105w, http:\/\/kabinet505.ftn.uns.ac.rs\/wp-content\/uploads\/2020\/01\/skarlovci_3-1-371x530.jpg 371w\" sizes=\"auto, (max-width: 935px) 100vw, 935px\" \/><\/div><div id=\"panel-814-0-0-1\" class=\"so-panel widget widget_text\" data-index=\"1\" >\t\t\t<div class=\"textwidget\"><p><strong>Predlo\u017eeno re\u0161enje se bazira na nekoliko osnovnih konceptualnih postavki:<\/strong><br \/>\nPotpuno o\u010duvanje postoje\u0107eg za\u0161ti\u0107enog graditeljskog fonda, Prostorno pro\u0161irenje i programsko oboga\u0107enje javnog prostora u centru Sremskih Karlovaca, Integracija postoje\u0107ih i novih sadr\u017eaja predlo\u017eenim poplo\u010davanjem i zelenim povr\u0161inama \u010diji se raspored\/dizajn odre\u0111uje optimizacionim algoritamima, a proizvod je slo\u017eenih multikriterijumskih i kongnitivnih analiza pretvorenih prethodno u matemati\u010dke formalizme. Poplo\u010davanje je deo sistema vizuelnih komunikacija, kojim se nagla\u0161ava i pro\u0161iruje urbani i kulturni identitet Sremskih Karlovaca. Izvedeno je u granitnim plo\u010dama.<\/p>\n<p>Uvo\u0111enje novih sadr\u017eaja (objekata) u urbanu strukturu Sremskih Karlovaca, \u010dime je predvi\u0111en dalji razvoj ovog grada kao centra kulture, obrazovanja i turizma. Sadr\u017eaji su odabrani posebnom analizom, uzimaju\u0107i pre svega u obzir istorijski, ali i dana\u0161nji zna\u010daj ove urbane strukture, koji ne pripada samo stanovnicima Sremskih Karlovaca, ve\u0107 je deo naj\u0161ireg nasle\u0111a na ovim prostorima:<br \/>\nobjekat akademske institucije koji je mogu\u0107e koristiti kao kongresni centar (severoisto\u010dna parcela uz Magistralni put M-22), spa centar (severozapadna parcela uz Magistralni put M-22) i nova parkovska povr\u0161ina sa paviljonom namenjenim odr\u017eavanju razli\u010ditih vrsta manifestacija (parcela koja u postoje\u0107em stanju obuhvata tr\u017eni centar severno od Trga patrijarha Brankovi\u0107a), koja je istovremeno i produ\u017eetak funkcije akademske institucije\/kongresnog centra. Mogu\u0107a namena obuhvata: manje koncerte, koktele, prijeme, odr\u017eavanje degustacija vina, prodaja kuglofa i drugih proizvoda (trenutno sme\u0161tena na samom trgu), pijacu cve\u0107a i sve druge aktivnosti iz sfere promocije Sremskih Karlovaca kao izuzetno zna\u010dajnog centra kulture i obrazovanja. Paviljon je mogu\u0107e u potpunosti \u201cotvoriti\u201d (stakleni paneli se rotiraju oko vertikalne ose) i time ga u celosti sjediniti sa okru\u017euju\u0107im parkom. Novoprojektovani park sa paviljonom na mestu sada\u0161njeg tr\u017enog centra upotpunjuje vizuru sa centralnog trga i ima za cilj da simulira duh mesta (genius loci) kakav je nekad bio.<br \/>\nU ponu\u0111enom re\u0161enju sve komponente zahtevane raspisom konkursa su razmatrane integralno. Novoprojektovani objekti ostaju van obuhvata glavnog gradskog trga, stvaraju\u0107i novu celinu koja programski nadopunjuje postoje\u0107u funkcionalnu bazu grada, kreiraju\u0107i mogu\u0107nosti za dalji ekonomski razvoj.<\/p>\n<\/div>\n\t\t<\/div><div id=\"panel-814-0-0-2\" class=\"so-panel widget widget_media_image\" data-index=\"2\" ><img loading=\"lazy\" decoding=\"async\" width=\"935\" height=\"1323\" src=\"http:\/\/kabinet505.ftn.uns.ac.rs\/wp-content\/uploads\/2020\/01\/skarlovci_4.jpg\" class=\"image wp-image-818  attachment-full size-full\" alt=\"\" style=\"max-width: 100%; height: auto;\" srcset=\"http:\/\/kabinet505.ftn.uns.ac.rs\/wp-content\/uploads\/2020\/01\/skarlovci_4.jpg 935w, http:\/\/kabinet505.ftn.uns.ac.rs\/wp-content\/uploads\/2020\/01\/skarlovci_4-212x300.jpg 212w, http:\/\/kabinet505.ftn.uns.ac.rs\/wp-content\/uploads\/2020\/01\/skarlovci_4-768x1087.jpg 768w, http:\/\/kabinet505.ftn.uns.ac.rs\/wp-content\/uploads\/2020\/01\/skarlovci_4-724x1024.jpg 724w, http:\/\/kabinet505.ftn.uns.ac.rs\/wp-content\/uploads\/2020\/01\/skarlovci_4-106x150.jpg 106w, http:\/\/kabinet505.ftn.uns.ac.rs\/wp-content\/uploads\/2020\/01\/skarlovci_4-375x530.jpg 375w\" sizes=\"auto, (max-width: 935px) 100vw, 935px\" \/><\/div><div id=\"panel-814-0-0-3\" class=\"so-panel widget widget_media_image\" data-index=\"3\" ><img loading=\"lazy\" decoding=\"async\" width=\"935\" height=\"1323\" src=\"http:\/\/kabinet505.ftn.uns.ac.rs\/wp-content\/uploads\/2020\/01\/skarlovci_5.jpg\" class=\"image wp-image-819  attachment-full size-full\" alt=\"\" style=\"max-width: 100%; height: auto;\" srcset=\"http:\/\/kabinet505.ftn.uns.ac.rs\/wp-content\/uploads\/2020\/01\/skarlovci_5.jpg 935w, http:\/\/kabinet505.ftn.uns.ac.rs\/wp-content\/uploads\/2020\/01\/skarlovci_5-212x300.jpg 212w, http:\/\/kabinet505.ftn.uns.ac.rs\/wp-content\/uploads\/2020\/01\/skarlovci_5-768x1087.jpg 768w, http:\/\/kabinet505.ftn.uns.ac.rs\/wp-content\/uploads\/2020\/01\/skarlovci_5-724x1024.jpg 724w, http:\/\/kabinet505.ftn.uns.ac.rs\/wp-content\/uploads\/2020\/01\/skarlovci_5-106x150.jpg 106w, http:\/\/kabinet505.ftn.uns.ac.rs\/wp-content\/uploads\/2020\/01\/skarlovci_5-375x530.jpg 375w\" sizes=\"auto, (max-width: 935px) 100vw, 935px\" \/><\/div><div id=\"panel-814-0-0-4\" class=\"so-panel widget widget_text\" data-index=\"4\" >\t\t\t<div class=\"textwidget\"><p>Posebna pa\u017enja je posve\u0107ena integraciji za\u0161ti\u0107enog jezgra grada sa novim objektima, ali u maniru u kome su granice jasno prepoznatljive i to takve, da novi objekti ni na koji na\u010din ne konkuri\u0161u niti umanjuju vrednost postoje\u0107eg nasle\u0111a. Elemenat koji ima za cilj da integri\u0161e za\u0161ti\u0107eno jezgro i nove objekte je parter, \u010dija algoritamski ure\u0111ena logika materijalizuje na\u010dine kori\u0161\u0107enja.\u00a0Novoprojektovani objekti i parterno re\u0161enje manifestuju pristup koji ima za cilj da kreira tihu, otmenu i elegantnu atmosferu (odgovaraju\u0107u duhu Sremskih Karlovaca), nenametljivo uvode\u0107i prednosti savremenih teorija i tehnologija, a koriste\u0107i tradicionalne materijale (granit kao oblogu trga i fasada novoprojektovanih objekata) u suzdr\u017eanim i strogo kontrolisanim geometrijama.<br \/>\nZelene povr\u0161ine su zadr\u017eane u celosti, ali su redefinisane parterom uz uvo\u0111enje novih drvoreda (u zoni kanala). Postoje\u0107i drvored sa zapadne straneTrga Branka Radi\u010devi\u0107a je, tako\u0111e, popunjen novim sadnicama. Predvi\u0111ena je dekorativna rasveta svih objekata na TrguBranka Radi\u010devi\u0107a i Trgu patrijarha Brankovi\u0107a, \u010dime se smanjuje potreba za osvetljenjem u samom urbanom prostoru trgova, iako je i ono predvi\u0111eno.<\/p>\n<\/div>\n\t\t<\/div><div id=\"panel-814-0-0-5\" class=\"so-panel widget widget_media_image\" data-index=\"5\" ><img loading=\"lazy\" decoding=\"async\" width=\"935\" height=\"1336\" src=\"http:\/\/kabinet505.ftn.uns.ac.rs\/wp-content\/uploads\/2020\/01\/skarlovci_6.jpg\" class=\"image wp-image-820  attachment-full size-full\" alt=\"\" style=\"max-width: 100%; height: auto;\" srcset=\"http:\/\/kabinet505.ftn.uns.ac.rs\/wp-content\/uploads\/2020\/01\/skarlovci_6.jpg 935w, http:\/\/kabinet505.ftn.uns.ac.rs\/wp-content\/uploads\/2020\/01\/skarlovci_6-210x300.jpg 210w, http:\/\/kabinet505.ftn.uns.ac.rs\/wp-content\/uploads\/2020\/01\/skarlovci_6-768x1097.jpg 768w, http:\/\/kabinet505.ftn.uns.ac.rs\/wp-content\/uploads\/2020\/01\/skarlovci_6-717x1024.jpg 717w, http:\/\/kabinet505.ftn.uns.ac.rs\/wp-content\/uploads\/2020\/01\/skarlovci_6-105x150.jpg 105w, http:\/\/kabinet505.ftn.uns.ac.rs\/wp-content\/uploads\/2020\/01\/skarlovci_6-371x530.jpg 371w\" sizes=\"auto, (max-width: 935px) 100vw, 935px\" \/><\/div><div id=\"panel-814-0-0-6\" class=\"so-panel widget widget_text\" data-index=\"6\" >\t\t\t<div class=\"textwidget\"><p>Pored podru\u010dja naju\u017eeg gradskog centra sagledano je i njegovo \u0161ire okru\u017eenje, pri \u010demu su predlo\u017eene dodatne intervencije koje bi doprinele integralnom razvoju Sremskih Karlovaca. Predvi\u0111eno je nekoliko novih centralnih sadr\u017eaja na lokacijama na obodu u\u017eeg gradskog jezgra, a na kojima se danas nalaze objekti manje vrednosti, van re\u017eima za\u0161tite. Na ovaj na\u010din obezbe\u0111eni su novi kapaciteti za razvoj, \u0161to je dodatno naglasilo ve\u0107 postoje\u0107u potrebu za pro\u0161irenjem pe\u0161a\u010dke zone i stvaranjem \u0161ire mre\u017ee objekata centralnih sadr\u017eaja i ure\u0111enih ambijenata. Saobra\u0107ajno re\u0161enje je transformisano upravo sa ciljem uve\u0107anja povr\u0161ina namenjenih kretanju pe\u0161aka, dok su kolska kretanja ostala na obodu prostora. Predvi\u0111en je i sistem integrisanih saobra\u0107ajnica du\u017e kojih se, unutar istog profila i na istom nivou kre\u0107u pe\u0161aci i vozila, u re\u017eimu koji prednost daje pe\u0161a\u010dkom kretanju. Povr\u0161ine za miruju\u0107i saobra\u0107aj predvi\u0111ene su na obodu u\u017eeg gradskog jezgra u vidu otvorenih parking povr\u0161ina manjeg kapaciteta i gara\u017ee uz objekat spa centra, koja je istovremeno namenjena i korisnicima centra i drugim posetiocima grada.<\/p>\n<\/div>\n\t\t<\/div><div id=\"panel-814-0-0-7\" class=\"so-panel widget widget_media_image\" data-index=\"7\" ><img loading=\"lazy\" decoding=\"async\" width=\"587\" height=\"632\" src=\"http:\/\/kabinet505.ftn.uns.ac.rs\/wp-content\/uploads\/2020\/01\/7.jpg\" class=\"image wp-image-815  attachment-full size-full\" alt=\"\" style=\"max-width: 100%; height: auto;\" srcset=\"http:\/\/kabinet505.ftn.uns.ac.rs\/wp-content\/uploads\/2020\/01\/7.jpg 587w, http:\/\/kabinet505.ftn.uns.ac.rs\/wp-content\/uploads\/2020\/01\/7-279x300.jpg 279w, http:\/\/kabinet505.ftn.uns.ac.rs\/wp-content\/uploads\/2020\/01\/7-139x150.jpg 139w, http:\/\/kabinet505.ftn.uns.ac.rs\/wp-content\/uploads\/2020\/01\/7-420x452.jpg 420w\" sizes=\"auto, (max-width: 587px) 100vw, 587px\" \/><\/div><div id=\"panel-814-0-0-8\" class=\"so-panel widget widget_text\" data-index=\"8\" >\t\t\t<div class=\"textwidget\"><p>Finansijska racionalnost u realizaciji konkursnog re\u0161enja<\/p>\n<p>U predlo\u017eenom re\u0161enju, projektovano je ukupno:<br \/>\n28897 m2 povr\u0161ine poplo\u010dane granitom<br \/>\n8680 m2 bruto povr\u0161ine spa centra sa javnom gara\u017eom<br \/>\n4200m2 bruto povr\u0161ine akademske ustanove\/kongresnog centra<br \/>\n664m2 bruto povr\u0161ine paviljona u novoprojektovanom parku pored<br \/>\nSokolskog doma (parkovska povr\u0161ina 1436m2)<\/p>\n<p>Predlo\u017eene faze izvo\u0111enja:<br \/>\nPrivo\u0111enje nameni parcele spa centra. Od prihoda ostvarenih zakupom gra\u0111evinskog zemlji\u0161ta finansira se faza 2.<br \/>\nIzvo\u0111enje prvog dela granitnog poplo\u010davanja (Trg Branka Radi\u010devi\u0107a i Trg Patrijarha Brankovi\u0107a) 8268 m2.<br \/>\nU tre\u0107oj fazi, izvodi se akademska ustanova\/kongresni centar, koji mogu biti I privatna I bud\u017eetska investicija (u zavisnosti od karaktera ustanove).<br \/>\nIzvo\u0111enje ostatka polo\u010davanja, park i paviljona (javne gradske povr\u0161ine).<\/p>\n<p>Autori<\/p>\n<p>&nbsp;<\/p>\n<\/div>\n\t\t<\/div><div id=\"panel-814-0-0-9\" class=\"so-panel widget widget_media_image\" data-index=\"9\" ><img loading=\"lazy\" decoding=\"async\" width=\"935\" height=\"1336\" src=\"http:\/\/kabinet505.ftn.uns.ac.rs\/wp-content\/uploads\/2020\/01\/skarlovci_7.jpg\" class=\"image wp-image-821  attachment-full size-full\" alt=\"\" style=\"max-width: 100%; height: auto;\" srcset=\"http:\/\/kabinet505.ftn.uns.ac.rs\/wp-content\/uploads\/2020\/01\/skarlovci_7.jpg 935w, http:\/\/kabinet505.ftn.uns.ac.rs\/wp-content\/uploads\/2020\/01\/skarlovci_7-210x300.jpg 210w, http:\/\/kabinet505.ftn.uns.ac.rs\/wp-content\/uploads\/2020\/01\/skarlovci_7-768x1097.jpg 768w, http:\/\/kabinet505.ftn.uns.ac.rs\/wp-content\/uploads\/2020\/01\/skarlovci_7-717x1024.jpg 717w, http:\/\/kabinet505.ftn.uns.ac.rs\/wp-content\/uploads\/2020\/01\/skarlovci_7-105x150.jpg 105w, http:\/\/kabinet505.ftn.uns.ac.rs\/wp-content\/uploads\/2020\/01\/skarlovci_7-371x530.jpg 371w\" sizes=\"auto, (max-width: 935px) 100vw, 935px\" \/><\/div><div id=\"panel-814-0-0-10\" class=\"so-panel widget widget_media_image\" data-index=\"10\" ><img loading=\"lazy\" decoding=\"async\" width=\"935\" height=\"1353\" src=\"http:\/\/kabinet505.ftn.uns.ac.rs\/wp-content\/uploads\/2020\/01\/skarlovci_8.jpg\" class=\"image wp-image-822  attachment-full size-full\" alt=\"\" style=\"max-width: 100%; height: auto;\" srcset=\"http:\/\/kabinet505.ftn.uns.ac.rs\/wp-content\/uploads\/2020\/01\/skarlovci_8.jpg 935w, http:\/\/kabinet505.ftn.uns.ac.rs\/wp-content\/uploads\/2020\/01\/skarlovci_8-207x300.jpg 207w, http:\/\/kabinet505.ftn.uns.ac.rs\/wp-content\/uploads\/2020\/01\/skarlovci_8-768x1111.jpg 768w, http:\/\/kabinet505.ftn.uns.ac.rs\/wp-content\/uploads\/2020\/01\/skarlovci_8-708x1024.jpg 708w, http:\/\/kabinet505.ftn.uns.ac.rs\/wp-content\/uploads\/2020\/01\/skarlovci_8-104x150.jpg 104w, http:\/\/kabinet505.ftn.uns.ac.rs\/wp-content\/uploads\/2020\/01\/skarlovci_8-366x530.jpg 366w\" sizes=\"auto, (max-width: 935px) 100vw, 935px\" \/><\/div><div id=\"panel-814-0-0-11\" class=\"so-panel widget widget_media_image panel-last-child\" data-index=\"11\" ><img loading=\"lazy\" decoding=\"async\" width=\"1000\" height=\"606\" src=\"http:\/\/kabinet505.ftn.uns.ac.rs\/wp-content\/uploads\/2020\/01\/skarlovci_1.jpg\" class=\"image wp-image-824  attachment-full size-full\" alt=\"\" style=\"max-width: 100%; height: auto;\" srcset=\"http:\/\/kabinet505.ftn.uns.ac.rs\/wp-content\/uploads\/2020\/01\/skarlovci_1.jpg 1000w, http:\/\/kabinet505.ftn.uns.ac.rs\/wp-content\/uploads\/2020\/01\/skarlovci_1-300x182.jpg 300w, http:\/\/kabinet505.ftn.uns.ac.rs\/wp-content\/uploads\/2020\/01\/skarlovci_1-768x465.jpg 768w, http:\/\/kabinet505.ftn.uns.ac.rs\/wp-content\/uploads\/2020\/01\/skarlovci_1-150x91.jpg 150w, http:\/\/kabinet505.ftn.uns.ac.rs\/wp-content\/uploads\/2020\/01\/skarlovci_1-420x255.jpg 420w\" sizes=\"auto, (max-width: 1000px) 100vw, 1000px\" \/><\/div><\/div><div id=\"pgc-814-0-1\"  class=\"panel-grid-cell\" ><div id=\"panel-814-0-1-0\" class=\"so-panel widget widget_text panel-first-child panel-last-child\" data-index=\"12\" >\t\t\t<div class=\"textwidget\"><p><strong>Location \/ Lokacija<\/strong>: Sremski Karlovci<\/p>\n<p><strong>Designed \/ Projektovano<\/strong>: 2014.<\/p>\n<p><strong>Awards \/ Nagrade:<\/strong> Mention at International architecture and urban design competition \/ Otkup na me\u0111unarodnom<br \/>\narhitektonsko-urbanistickom konkursu&lt;<\/p>\n<p><strong>Team of authors \/ Autorski tim:<\/strong><\/p>\n<p>Jelena\u00a0Atanackovi\u0107 Jeli\u010di\u0107<br \/>\nMarina Carevi\u0107<br \/>\nDejan\u00a0Ecet<br \/>\nTihomir Janju\u0161evic<br \/>\nKoji\u0107 Radomir<br \/>\nMilica Kostre\u0161<br \/>\nMara\u0161 Igor<br \/>\nIvana Mara\u0161<br \/>\nMi\u0161keljin Ivana<br \/>\nRadovi\u0107 Milenko<br \/>\nSladi\u0107 Mirjana<br \/>\nTodorov Marko<br \/>\nkonsultant: Milan Rapai\u0107<\/p>\n<\/div>\n\t\t<\/div><\/div><\/div><\/div>","protected":false},"excerpt":{"rendered":"<p>Predlo\u017eeno re\u0161enje se bazira na nekoliko osnovnih konceptualnih postavki: Potpuno o\u010duvanje postoje\u0107eg za\u0161ti\u0107enog graditeljskog fonda, Prostorno pro\u0161irenje i programsko oboga\u0107enje javnog prostora u centru Sremskih Karlovaca, Integracija postoje\u0107ih i novih sadr\u017eaja predlo\u017eenim poplo\u010davanjem i zelenim povr\u0161inama \u010diji se raspored\/dizajn odre\u0111uje optimizacionim algoritamima, a proizvod je slo\u017eenih multikriterijumskih i kongnitivnih analiza<\/p>\n","protected":false},"author":1,"featured_media":825,"comment_status":"closed","ping_status":"open","sticky":false,"template":"","format":"standard","meta":{"ngg_post_thumbnail":0,"footnotes":""},"categories":[6],"tags":[],"class_list":["post-814","post","type-post","status-publish","format-standard","has-post-thumbnail","hentry","category-projekti"],"_links":{"self":[{"href":"http:\/\/kabinet505.ftn.uns.ac.rs\/index.php?rest_route=\/wp\/v2\/posts\/814","targetHints":{"allow":["GET"]}}],"collection":[{"href":"http:\/\/kabinet505.ftn.uns.ac.rs\/index.php?rest_route=\/wp\/v2\/posts"}],"about":[{"href":"http:\/\/kabinet505.ftn.uns.ac.rs\/index.php?rest_route=\/wp\/v2\/types\/post"}],"author":[{"embeddable":true,"href":"http:\/\/kabinet505.ftn.uns.ac.rs\/index.php?rest_route=\/wp\/v2\/users\/1"}],"replies":[{"embeddable":true,"href":"http:\/\/kabinet505.ftn.uns.ac.rs\/index.php?rest_route=%2Fwp%2Fv2%2Fcomments&post=814"}],"version-history":[{"count":6,"href":"http:\/\/kabinet505.ftn.uns.ac.rs\/index.php?rest_route=\/wp\/v2\/posts\/814\/revisions"}],"predecessor-version":[{"id":831,"href":"http:\/\/kabinet505.ftn.uns.ac.rs\/index.php?rest_route=\/wp\/v2\/posts\/814\/revisions\/831"}],"wp:featuredmedia":[{"embeddable":true,"href":"http:\/\/kabinet505.ftn.uns.ac.rs\/index.php?rest_route=\/wp\/v2\/media\/825"}],"wp:attachment":[{"href":"http:\/\/kabinet505.ftn.uns.ac.rs\/index.php?rest_route=%2Fwp%2Fv2%2Fmedia&parent=814"}],"wp:term":[{"taxonomy":"category","embeddable":true,"href":"http:\/\/kabinet505.ftn.uns.ac.rs\/index.php?rest_route=%2Fwp%2Fv2%2Fcategories&post=814"},{"taxonomy":"post_tag","embeddable":true,"href":"http:\/\/kabinet505.ftn.uns.ac.rs\/index.php?rest_route=%2Fwp%2Fv2%2Ftags&post=814"}],"curies":[{"name":"wp","href":"https:\/\/api.w.org\/{rel}","templated":true}]}}