{"id":871,"date":"2015-10-28T17:58:26","date_gmt":"2015-10-28T17:58:26","guid":{"rendered":"http:\/\/kabinet505.ftn.uns.ac.rs\/?p=871"},"modified":"2023-09-05T08:11:05","modified_gmt":"2023-09-05T08:11:05","slug":"2good-2b-true","status":"publish","type":"post","link":"http:\/\/kabinet505.ftn.uns.ac.rs\/?p=871","title":{"rendered":"2GOOD 2B TRUE"},"content":{"rendered":"<div id=\"pl-871\"  class=\"panel-layout\" ><div id=\"pg-871-0\"  class=\"panel-grid panel-no-style\" ><div id=\"pgc-871-0-0\"  class=\"panel-grid-cell\" ><div id=\"panel-871-0-0-0\" class=\"so-panel widget widget_text panel-first-child\" data-index=\"0\" >\t\t\t<div class=\"textwidget\"><p>Osnovni pristup u re\u0161avanju prostorne celine zasniva se na stvaranju specifi\u010dne atmosfere upotrebom svetla i materijala poput opeke, \u010delika i drveta.<\/p>\n<\/div>\n\t\t<\/div><div id=\"panel-871-0-0-1\" class=\"so-panel widget widget_media_image panel-last-child\" data-index=\"1\" ><img loading=\"lazy\" decoding=\"async\" width=\"739\" height=\"960\" src=\"http:\/\/kabinet505.ftn.uns.ac.rs\/wp-content\/uploads\/2020\/01\/2G2BT-1.jpg\" class=\"image wp-image-873  attachment-full size-full\" alt=\"\" style=\"max-width: 100%; height: auto;\" srcset=\"http:\/\/kabinet505.ftn.uns.ac.rs\/wp-content\/uploads\/2020\/01\/2G2BT-1.jpg 739w, http:\/\/kabinet505.ftn.uns.ac.rs\/wp-content\/uploads\/2020\/01\/2G2BT-1-231x300.jpg 231w, http:\/\/kabinet505.ftn.uns.ac.rs\/wp-content\/uploads\/2020\/01\/2G2BT-1-115x150.jpg 115w, http:\/\/kabinet505.ftn.uns.ac.rs\/wp-content\/uploads\/2020\/01\/2G2BT-1-408x530.jpg 408w\" sizes=\"auto, (max-width: 739px) 100vw, 739px\" \/><\/div><\/div><div id=\"pgc-871-0-1\"  class=\"panel-grid-cell\" ><div id=\"panel-871-0-1-0\" class=\"so-panel widget widget_text panel-first-child panel-last-child\" data-index=\"2\" >\t\t\t<div class=\"textwidget\"><p><strong>Location \/ Lokacija<\/strong>: Novi Sad<\/p>\n<p><strong>Designed \/ Projektovano<\/strong>: 2015.<\/p>\n<p><strong>Team of authors \/ Autorski tim:<\/strong><\/p>\n<p>Jelena Atanackovi\u0107 Jeli\u010di\u0107<br \/>\nJelena Despotovi\u0107<br \/>\nSa\u0161a Medi\u0107<br \/>\nStanislav Grgi\u0107<\/p>\n<\/div>\n\t\t<\/div><\/div><\/div><\/div>","protected":false},"excerpt":{"rendered":"<p>Osnovni pristup u re\u0161avanju prostorne celine zasniva se na stvaranju specifi\u010dne atmosfere upotrebom svetla i materijala poput opeke, \u010delika i drveta. Location \/ Lokacija: Novi Sad Designed \/ Projektovano: 2015. Team of authors \/ Autorski tim: Jelena Atanackovi\u0107 Jeli\u010di\u0107 Jelena Despotovi\u0107 Sa\u0161a Medi\u0107 Stanislav Grgi\u0107<\/p>\n","protected":false},"author":1,"featured_media":872,"comment_status":"closed","ping_status":"open","sticky":false,"template":"","format":"standard","meta":{"ngg_post_thumbnail":0,"footnotes":""},"categories":[6],"tags":[],"class_list":["post-871","post","type-post","status-publish","format-standard","has-post-thumbnail","hentry","category-projekti"],"_links":{"self":[{"href":"http:\/\/kabinet505.ftn.uns.ac.rs\/index.php?rest_route=\/wp\/v2\/posts\/871","targetHints":{"allow":["GET"]}}],"collection":[{"href":"http:\/\/kabinet505.ftn.uns.ac.rs\/index.php?rest_route=\/wp\/v2\/posts"}],"about":[{"href":"http:\/\/kabinet505.ftn.uns.ac.rs\/index.php?rest_route=\/wp\/v2\/types\/post"}],"author":[{"embeddable":true,"href":"http:\/\/kabinet505.ftn.uns.ac.rs\/index.php?rest_route=\/wp\/v2\/users\/1"}],"replies":[{"embeddable":true,"href":"http:\/\/kabinet505.ftn.uns.ac.rs\/index.php?rest_route=%2Fwp%2Fv2%2Fcomments&post=871"}],"version-history":[{"count":2,"href":"http:\/\/kabinet505.ftn.uns.ac.rs\/index.php?rest_route=\/wp\/v2\/posts\/871\/revisions"}],"predecessor-version":[{"id":875,"href":"http:\/\/kabinet505.ftn.uns.ac.rs\/index.php?rest_route=\/wp\/v2\/posts\/871\/revisions\/875"}],"wp:featuredmedia":[{"embeddable":true,"href":"http:\/\/kabinet505.ftn.uns.ac.rs\/index.php?rest_route=\/wp\/v2\/media\/872"}],"wp:attachment":[{"href":"http:\/\/kabinet505.ftn.uns.ac.rs\/index.php?rest_route=%2Fwp%2Fv2%2Fmedia&parent=871"}],"wp:term":[{"taxonomy":"category","embeddable":true,"href":"http:\/\/kabinet505.ftn.uns.ac.rs\/index.php?rest_route=%2Fwp%2Fv2%2Fcategories&post=871"},{"taxonomy":"post_tag","embeddable":true,"href":"http:\/\/kabinet505.ftn.uns.ac.rs\/index.php?rest_route=%2Fwp%2Fv2%2Ftags&post=871"}],"curies":[{"name":"wp","href":"https:\/\/api.w.org\/{rel}","templated":true}]}}